{"id":79323,"date":"2025-02-24T10:57:22","date_gmt":"2025-02-24T09:57:22","guid":{"rendered":"https:\/\/www.cadeaux.com\/blog\/?p=79323"},"modified":"2025-02-24T11:07:09","modified_gmt":"2025-02-24T10:07:09","slug":"origines-histoire-fete-des-grands-meres","status":"publish","type":"post","link":"https:\/\/www.cadeaux.com\/blog\/origines-histoire-fete-des-grands-meres\/","title":{"rendered":"La v\u00e9ritable histoire de la F\u00eate des grands-m\u00e8res : une tradition fran\u00e7aise unique et attachante"},"content":{"rendered":"<p>Parmi les diff\u00e9rentes c\u00e9l\u00e9brations familiales plus ou moins connues et pratiqu\u00e9es en France, la f\u00eate des grands-m\u00e8res occupe une place vraiment singuli\u00e8re. Chaque premier dimanche de mars, des millions de Fran\u00e7ais honorent ces femmes exceptionnelles qui jouent un r\u00f4le fondamental dans la vie familiale. Mais connaissez-vous la v\u00e9ritable histoire de cette f\u00eate qui fait la fiert\u00e9 de notre pays ?<\/p>\n\n\n\n<div class=\"txtlireaussi\">Lire aussi<\/div>\n<div class=\"lireaussi\">\n<ul>\n    <li><a href=\"\/blog\/collection-florale-pour-un-cadeau-fete-des-grands-meres\/\">Une collection tout en fleurs pour la f\u00eate des grands-m\u00e8res<\/a><\/li>\n    <li><a href=\"\/blog\/cadeaux-pour-une-premiere-fete-des-grands-meres\/\">10 ID\u00c9ES CADEAUX POUR UNE PREMI\u00c8RE F\u00caTE DES GRANDS-M\u00c8RES<\/a><\/li>\n<\/ul>\n<\/div>\n\n\n\n<h2 class=\"wp-block-heading\">Les origines d\u2019une tradition devenue incontournable<\/h2>\n\n\n\n<p>Contrairement \u00e0 la f\u00eate des m\u00e8res dont l\u2019histoire remonte \u00e0 l\u2019\u00e9poque de l\u2019\u00e9glise catholique et aux c\u00e9l\u00e9brations de la Sainte Marie, la f\u00eate des grands-m\u00e8res poss\u00e8de des origines plus r\u00e9centes. C\u2019est en 1987, dans la capitale fran\u00e7aise Paris, qu\u2019une initiative commerciale de la marque de caf\u00e9 Grand-M\u00e8re donna naissance \u00e0 cette belle tradition. L\u2019entreprise, soucieuse de valoriser l\u2019image traditionnelle des mamies dans la soci\u00e9t\u00e9 fran\u00e7aise, ne se doutait peut-\u00eatre pas que son initiative deviendrait une c\u00e9l\u00e9bration nationale aussi importante. Ce coup de pub a marqu\u00e9 v\u00e9ritablement le lancement de cette f\u00eate que nous honorons d\u00e9sormais chaque ann\u00e9e !\u00a0<\/p>\n\n\n\n<div style=\"height:5px\" aria-hidden=\"true\" class=\"wp-block-spacer\"><\/div>\n\n\n<div class=\"products-container\"><div class=\"product-col\">\n\t\t<span data-obflink-url=\"aHR0cHM6Ly93d3cuY2FkZWF1eC5jb20vcG90LWRlLWZsZXVycy1tYW1pZS1mbGV1cmllLXAxODc2L3BvdC1kZS1mbGV1cnMtbWFtaWUtZmxldXJpZT91dG1fc291cmNlPWJsb2dfcHJvZHVjdHMmdXRtX21lZGl1bT1vcmdhbmljJnV0bV9jYW1wYWlnbj0xODc2XzIwMjE=\" target=\"_blank\" title=\"Pot de fleurs personnalis\u00e9 - Mamie fleurie\">\n\t\t\t\t\t\t<div class=\"product-card\">\n\t\t\t\t\t\t\t\t\t<div class=\"product-image\"><img width=\"100%\" height=\"100%\" src=\"https:\/\/www.cadeaux.com\/media\/image\/d0\/f1\/6430eb0b134b51f8e25370057309420636241385ca886575d6e27d7dff893235.jpg\" class=\"attachment-post-thumbnail size-post-thumbnail wp-post-image lazyautosizes lazyloaded\" \/><\/div>\n\t\t\t\t\t\t\t\t\t<div class=\"product-content\">\n\t\t\t\t\t\t\t\t\t\t<span class=\"product-title\">Pot de fleurs personnalis\u00e9 - Mamie fleurie<\/span>\n\t\t\t\t\t\t\t\t\t\t<span class=\"product-info\">d\u00e8s <span class=\"product-price\">19.95 EUR \u20ac<\/span><\/span>\n\t\t\t\t\t\t\t\t\t<\/div>\n\t\t\t\t\t\t<\/div>\n\t\t\t\t\t\t<\/a>\n\t\t\t\t<\/div><div class=\"product-col\">\n\t\t<span data-obflink-url=\"aHR0cHM6Ly93d3cuY2FkZWF1eC5jb20vY291c3Npbi1tYW1pZS1mbGV1cmllLXAxODk5L2NvdXNzaW4tbWFtaWUtZmxldXJpZS1ibGFuYz91dG1fc291cmNlPWJsb2dfcHJvZHVjdHMmdXRtX21lZGl1bT1vcmdhbmljJnV0bV9jYW1wYWlnbj0xODk5XzE2NTA3\" target=\"_blank\" title=\"Coussin personnalis\u00e9 - Mamie Fleurie\">\n\t\t\t\t\t\t<div class=\"product-card\">\n\t\t\t\t\t\t\t\t\t<div class=\"product-image\"><img width=\"100%\" height=\"100%\" src=\"https:\/\/www.cadeaux.com\/media\/image\/20\/e5\/f1621ac676d0ecdc6fd95e499265e4b774c98135512bbc2a1079b25e82683457.jpg\" class=\"attachment-post-thumbnail size-post-thumbnail wp-post-image lazyautosizes lazyloaded\" \/><\/div>\n\t\t\t\t\t\t\t\t\t<div class=\"product-content\">\n\t\t\t\t\t\t\t\t\t\t<span class=\"product-title\">Coussin personnalis\u00e9 - Mamie Fleurie<\/span>\n\t\t\t\t\t\t\t\t\t\t<span class=\"product-info\">d\u00e8s <span class=\"product-price\">24.95 EUR \u20ac<\/span><\/span>\n\t\t\t\t\t\t\t\t\t<\/div>\n\t\t\t\t\t\t<\/div>\n\t\t\t\t\t\t<\/a>\n\t\t\t\t<\/div><div class=\"product-col\">\n\t\t<span data-obflink-url=\"aHR0cHM6Ly93d3cuY2FkZWF1eC5jb20vZ2FudC1tYW5pcXVlcy1mbGV1cmlzLXAxNzc4L2dhbnQtbWFuaXF1ZXMtZmxldXJpcz91dG1fc291cmNlPWJsb2dfcHJvZHVjdHMmdXRtX21lZGl1bT1vcmdhbmljJnV0bV9jYW1wYWlnbj0xNzc4XzE4NzE=\" target=\"_blank\" title=\"Gant et Maniques - Fleurs\">\n\t\t\t\t\t\t<div class=\"product-card\">\n\t\t\t\t\t\t\t\t\t<div class=\"product-image\"><img width=\"100%\" height=\"100%\" src=\"https:\/\/www.cadeaux.com\/media\/image\/61\/63\/74ab94f3d7d9a4286cde3cc45d145a5819f6b89bc68a337ae76ab1d0615d2436.jpg\" class=\"attachment-post-thumbnail size-post-thumbnail wp-post-image lazyautosizes lazyloaded\" \/><\/div>\n\t\t\t\t\t\t\t\t\t<div class=\"product-content\">\n\t\t\t\t\t\t\t\t\t\t<span class=\"product-title\">Gant et Maniques - Fleurs<\/span>\n\t\t\t\t\t\t\t\t\t\t<span class=\"product-info\">d\u00e8s <span class=\"product-price\">19.95 EUR \u20ac<\/span><\/span>\n\t\t\t\t\t\t\t\t\t<\/div>\n\t\t\t\t\t\t<\/div>\n\t\t\t\t\t\t<\/a>\n\t\t\t\t<\/div><div class=\"product-col\">\n\t\t<span data-obflink-url=\"aHR0cHM6Ly93d3cuY2FkZWF1eC5jb20vdHJvcGhlZS1wZXJzb25uYWxpc2UtbWFtaWUtcDM5MjkyL3Ryb3BoZWUtcGVyc29ubmFsaXNlLW1hbWllP3V0bV9zb3VyY2U9YmxvZ19wcm9kdWN0cyZ1dG1fbWVkaXVtPW9yZ2FuaWMmdXRtX2NhbXBhaWduPTM5MjkyXzc2NzUx\" target=\"_blank\" title=\"Troph\u00e9e personnalis\u00e9 - Mamie\">\n\t\t\t\t\t\t<div class=\"product-card\">\n\t\t\t\t\t\t\t\t\t<div class=\"product-image\"><img width=\"100%\" height=\"100%\" src=\"https:\/\/www.cadeaux.com\/media\/image\/44\/8c\/5d2f6be65dc782faa1c4340fa88c6d1eeef806980e0279815f5d82407fb9436516.jpg\" class=\"attachment-post-thumbnail size-post-thumbnail wp-post-image lazyautosizes lazyloaded\" \/><\/div>\n\t\t\t\t\t\t\t\t\t<div class=\"product-content\">\n\t\t\t\t\t\t\t\t\t\t<span class=\"product-title\">Troph\u00e9e personnalis\u00e9 - Mamie<\/span>\n\t\t\t\t\t\t\t\t\t\t<span class=\"product-info\">d\u00e8s <span class=\"product-price\">19.95 EUR \u20ac<\/span><\/span>\n\t\t\t\t\t\t\t\t\t<\/div>\n\t\t\t\t\t\t<\/div>\n\t\t\t\t\t\t<\/a>\n\t\t\t\t<\/div><\/div>\n\n\n\n<div style=\"height:5px\" aria-hidden=\"true\" class=\"wp-block-spacer\"><\/div>\n\n\n\n<h2 class=\"wp-block-heading\">Une f\u00eate unique au monde, fiert\u00e9 de la culture fran\u00e7aise<\/h2>\n\n\n\n<p>Si la f\u00eate des p\u00e8res et la f\u00eate des m\u00e8res sont c\u00e9l\u00e9br\u00e9es dans de nombreux pays \u00e0 travers le monde, la f\u00eate des grands-m\u00e8res reste une c\u00e9l\u00e9bration tr\u00e8s sp\u00e9cifique \u00e0 la France. Cette particularit\u00e9 insolite fait la fiert\u00e9 de notre pays et intrigue d\u2019ailleurs souvent les visiteurs \u00e9trangers. De Paris jusqu\u2019\u00e0 l\u2019\u00eele de la R\u00e9union, en passant par toutes les r\u00e9gions de France, cette journ\u00e9e sp\u00e9ciale rassemble les familles autour de leurs a\u00een\u00e9es pour un moment de partage et d\u2019amour.\u00a0<\/p>\n\n\n\n<div style=\"height:5px\" aria-hidden=\"true\" class=\"wp-block-spacer\"><\/div>\n\n\n<div class=\"wp-block-image\">\n<figure class=\"aligncenter size-large\"><img fetchpriority=\"high\" decoding=\"async\" width=\"1024\" height=\"683\" src=\"https:\/\/www.cadeaux.com\/blog\/wp-content\/uploads\/2025\/02\/mamie-grand-mere-1024x683.jpg\" alt=\"mamie grand mere\" class=\"wp-image-79327\" srcset=\"https:\/\/www.cadeaux.com\/blog\/wp-content\/uploads\/2025\/02\/mamie-grand-mere-1024x683.jpg 1024w, https:\/\/www.cadeaux.com\/blog\/wp-content\/uploads\/2025\/02\/mamie-grand-mere-300x200.jpg 300w, https:\/\/www.cadeaux.com\/blog\/wp-content\/uploads\/2025\/02\/mamie-grand-mere-768x512.jpg 768w, https:\/\/www.cadeaux.com\/blog\/wp-content\/uploads\/2025\/02\/mamie-grand-mere-1536x1024.jpg 1536w, https:\/\/www.cadeaux.com\/blog\/wp-content\/uploads\/2025\/02\/mamie-grand-mere-2048x1365.jpg 2048w\" sizes=\"(max-width: 1024px) 100vw, 1024px\"><\/figure><\/div>\n\n\n<div style=\"height:5px\" aria-hidden=\"true\" class=\"wp-block-spacer\"><\/div>\n\n\n\n<h2 class=\"wp-block-heading\">L\u2019\u00e9volution du r\u00f4le des grands-m\u00e8res \u00e0 travers les si\u00e8cles<\/h2>\n\n\n\n<p>Au fil de l\u2019histoire de France, le r\u00f4le des grands-m\u00e8res dans la soci\u00e9t\u00e9 a consid\u00e9rablement \u00e9volu\u00e9. Au XIXe si\u00e8cle, leur pr\u00e9sence \u00e9tait principalement associ\u00e9e \u00e0 la transmission des valeurs religieuses et \u00e0 l\u2019\u00e9ducation morale des petits-enfants. La vie \u00e0 cette \u00e9poque s\u2019organisait souvent autour de la maison familiale, o\u00f9 plusieurs g\u00e9n\u00e9rations cohabitaient sous le m\u00eame toit.<\/p>\n\n\n\n<p>Avec l\u2019av\u00e8nement du XXe si\u00e8cle, leur r\u00f4le s\u2019est progressivement transform\u00e9, et surtout dans les grandes villes comme Paris. Les grands-m\u00e8res sont devenues des piliers essentiels dans l\u2019organisation de la vie familiale moderne. Leur pr\u00e9sence est aujourd\u2019hui plus pr\u00e9cieuse que jamais, notamment pour la garde des enfants et le maintien des liens familiaux mais aussi pour la transmission de secrets, trucs et astuces qui perdurent de g\u00e9n\u00e9ration en g\u00e9n\u00e9ration.<\/p>\n\n\n\n<div style=\"height:5px\" aria-hidden=\"true\" class=\"wp-block-spacer\"><\/div>\n\n\n<div class=\"products-container\"><div class=\"product-col\">\n\t\t<span data-obflink-url=\"aHR0cHM6Ly93d3cuY2FkZWF1eC5jb20vcG90LWRlLWZsZXVycy1tYW1pZS1mbGV1cmllLXAxODc2L3BvdC1kZS1mbGV1cnMtbWFtaWUtZmxldXJpZT91dG1fc291cmNlPWJsb2dfcHJvZHVjdHMmdXRtX21lZGl1bT1vcmdhbmljJnV0bV9jYW1wYWlnbj0xODc2XzIwMjE=\" target=\"_blank\" title=\"Pot de fleurs personnalis\u00e9 - Mamie fleurie\">\n\t\t\t\t\t\t<div class=\"product-card\">\n\t\t\t\t\t\t\t\t\t<div class=\"product-image\"><img width=\"100%\" height=\"100%\" src=\"https:\/\/www.cadeaux.com\/media\/image\/d0\/f1\/6430eb0b134b51f8e25370057309420636241385ca886575d6e27d7dff893235.jpg\" class=\"attachment-post-thumbnail size-post-thumbnail wp-post-image lazyautosizes lazyloaded\" \/><\/div>\n\t\t\t\t\t\t\t\t\t<div class=\"product-content\">\n\t\t\t\t\t\t\t\t\t\t<span class=\"product-title\">Pot de fleurs personnalis\u00e9 - Mamie fleurie<\/span>\n\t\t\t\t\t\t\t\t\t\t<span class=\"product-info\">d\u00e8s <span class=\"product-price\">19.95 EUR \u20ac<\/span><\/span>\n\t\t\t\t\t\t\t\t\t<\/div>\n\t\t\t\t\t\t<\/div>\n\t\t\t\t\t\t<\/a>\n\t\t\t\t<\/div><div class=\"product-col\">\n\t\t<span data-obflink-url=\"aHR0cHM6Ly93d3cuY2FkZWF1eC5jb20vY291c3Npbi1tYW1pZS1mbGV1cmllLXAxODk5L2NvdXNzaW4tbWFtaWUtZmxldXJpZS1ibGFuYz91dG1fc291cmNlPWJsb2dfcHJvZHVjdHMmdXRtX21lZGl1bT1vcmdhbmljJnV0bV9jYW1wYWlnbj0xODk5XzE2NTA3\" target=\"_blank\" title=\"Coussin personnalis\u00e9 - Mamie Fleurie\">\n\t\t\t\t\t\t<div class=\"product-card\">\n\t\t\t\t\t\t\t\t\t<div class=\"product-image\"><img width=\"100%\" height=\"100%\" src=\"https:\/\/www.cadeaux.com\/media\/image\/20\/e5\/f1621ac676d0ecdc6fd95e499265e4b774c98135512bbc2a1079b25e82683457.jpg\" class=\"attachment-post-thumbnail size-post-thumbnail wp-post-image lazyautosizes lazyloaded\" \/><\/div>\n\t\t\t\t\t\t\t\t\t<div class=\"product-content\">\n\t\t\t\t\t\t\t\t\t\t<span class=\"product-title\">Coussin personnalis\u00e9 - Mamie Fleurie<\/span>\n\t\t\t\t\t\t\t\t\t\t<span class=\"product-info\">d\u00e8s <span class=\"product-price\">24.95 EUR \u20ac<\/span><\/span>\n\t\t\t\t\t\t\t\t\t<\/div>\n\t\t\t\t\t\t<\/div>\n\t\t\t\t\t\t<\/a>\n\t\t\t\t<\/div><div class=\"product-col\">\n\t\t<span data-obflink-url=\"aHR0cHM6Ly93d3cuY2FkZWF1eC5jb20vZ2FudC1tYW5pcXVlcy1mbGV1cmlzLXAxNzc4L2dhbnQtbWFuaXF1ZXMtZmxldXJpcz91dG1fc291cmNlPWJsb2dfcHJvZHVjdHMmdXRtX21lZGl1bT1vcmdhbmljJnV0bV9jYW1wYWlnbj0xNzc4XzE4NzE=\" target=\"_blank\" title=\"Gant et Maniques - Fleurs\">\n\t\t\t\t\t\t<div class=\"product-card\">\n\t\t\t\t\t\t\t\t\t<div class=\"product-image\"><img width=\"100%\" height=\"100%\" src=\"https:\/\/www.cadeaux.com\/media\/image\/61\/63\/74ab94f3d7d9a4286cde3cc45d145a5819f6b89bc68a337ae76ab1d0615d2436.jpg\" class=\"attachment-post-thumbnail size-post-thumbnail wp-post-image lazyautosizes lazyloaded\" \/><\/div>\n\t\t\t\t\t\t\t\t\t<div class=\"product-content\">\n\t\t\t\t\t\t\t\t\t\t<span class=\"product-title\">Gant et Maniques - Fleurs<\/span>\n\t\t\t\t\t\t\t\t\t\t<span class=\"product-info\">d\u00e8s <span class=\"product-price\">19.95 EUR \u20ac<\/span><\/span>\n\t\t\t\t\t\t\t\t\t<\/div>\n\t\t\t\t\t\t<\/div>\n\t\t\t\t\t\t<\/a>\n\t\t\t\t<\/div><div class=\"product-col\">\n\t\t<span data-obflink-url=\"aHR0cHM6Ly93d3cuY2FkZWF1eC5jb20vdHJvcGhlZS1wZXJzb25uYWxpc2UtbWFtaWUtcDM5MjkyL3Ryb3BoZWUtcGVyc29ubmFsaXNlLW1hbWllP3V0bV9zb3VyY2U9YmxvZ19wcm9kdWN0cyZ1dG1fbWVkaXVtPW9yZ2FuaWMmdXRtX2NhbXBhaWduPTM5MjkyXzc2NzUx\" target=\"_blank\" title=\"Troph\u00e9e personnalis\u00e9 - Mamie\">\n\t\t\t\t\t\t<div class=\"product-card\">\n\t\t\t\t\t\t\t\t\t<div class=\"product-image\"><img width=\"100%\" height=\"100%\" src=\"https:\/\/www.cadeaux.com\/media\/image\/44\/8c\/5d2f6be65dc782faa1c4340fa88c6d1eeef806980e0279815f5d82407fb9436516.jpg\" class=\"attachment-post-thumbnail size-post-thumbnail wp-post-image lazyautosizes lazyloaded\" \/><\/div>\n\t\t\t\t\t\t\t\t\t<div class=\"product-content\">\n\t\t\t\t\t\t\t\t\t\t<span class=\"product-title\">Troph\u00e9e personnalis\u00e9 - Mamie<\/span>\n\t\t\t\t\t\t\t\t\t\t<span class=\"product-info\">d\u00e8s <span class=\"product-price\">19.95 EUR \u20ac<\/span><\/span>\n\t\t\t\t\t\t\t\t\t<\/div>\n\t\t\t\t\t\t<\/div>\n\t\t\t\t\t\t<\/a>\n\t\t\t\t<\/div><\/div>\n\n\n\n<div style=\"height:5px\" aria-hidden=\"true\" class=\"wp-block-spacer\"><\/div>\n\n\n\n<p>Pour accompagner votre cadeau, pensez \u00e0 r\u00e9diger <a href=\"https:\/\/www.cadeaux.com\/blog\/6-messages-pour-la-fete-des-grands-meres\/\" target=\"_blank\" rel=\"noreferrer noopener\">un petit mot d\u2019amour et de tendresse \u00e0 votre grand-m\u00e8re<\/a> dans lequel vous pourrez, au passage, lui rappeler les origines de sa f\u00eate !\u00a0<\/p>\n\n\n\n<p>Si autrefois les festivit\u00e9s se limitaient \u00e0 une simple visite familiale ou un repas du dimanche, les fa\u00e7ons de c\u00e9l\u00e9brer les grands-m\u00e8res se sont diversifi\u00e9es avec le temps. Les familles organisent d\u00e9sormais des week-ends entiers d\u00e9di\u00e9s \u00e0 ces moments de partage.\u00a0<\/p>\n\n\n\n<div style=\"height:5px\" aria-hidden=\"true\" class=\"wp-block-spacer\"><\/div>\n\n\n<div class=\"wp-block-image\">\n<figure class=\"aligncenter size-large\"><img decoding=\"async\" width=\"1024\" height=\"683\" src=\"https:\/\/www.cadeaux.com\/blog\/wp-content\/uploads\/2025\/02\/petite-fille-grand-mere-1024x683.jpeg\" alt=\"petite fille grand mere\" class=\"wp-image-79328\" srcset=\"https:\/\/www.cadeaux.com\/blog\/wp-content\/uploads\/2025\/02\/petite-fille-grand-mere-1024x683.jpeg 1024w, https:\/\/www.cadeaux.com\/blog\/wp-content\/uploads\/2025\/02\/petite-fille-grand-mere-300x200.jpeg 300w, https:\/\/www.cadeaux.com\/blog\/wp-content\/uploads\/2025\/02\/petite-fille-grand-mere-768x512.jpeg 768w, https:\/\/www.cadeaux.com\/blog\/wp-content\/uploads\/2025\/02\/petite-fille-grand-mere-1536x1025.jpeg 1536w, https:\/\/www.cadeaux.com\/blog\/wp-content\/uploads\/2025\/02\/petite-fille-grand-mere-2048x1366.jpeg 2048w\" sizes=\"(max-width: 1024px) 100vw, 1024px\"><\/figure><\/div>\n\n\n<div style=\"height:5px\" aria-hidden=\"true\" class=\"wp-block-spacer\"><\/div>\n\n\n\n<h2 class=\"wp-block-heading\">Le r\u00f4le des grands-m\u00e8res dans la soci\u00e9t\u00e9 moderne : une femme pilier de la famille<\/h2>\n\n\n\n<p>Dans notre monde contemporain, o\u00f9 la justice sociale et l\u2019\u00e9galit\u00e9 sont au c\u0153ur des pr\u00e9occupations, les grands-m\u00e8res jouent un r\u00f4le crucial dans la transmission des valeurs et le maintien des traditions familiales. Elles repr\u00e9sentent un lien vivant avec notre histoire et nos racines.<\/p>\n\n\n\n<p>Les grands-m\u00e8res d\u2019aujourd\u2019hui sont souvent des femmes actives qui partagent leur temps entre leur vie personnelle et leur r\u00f4le de mamies. Elles contribuent significativement \u00e0 l\u2019\u00e9ducation de leurs petits-enfants en leur transmettant un pr\u00e9cieux h\u00e9ritage \u00e0 la fois culturel et affectif.<\/p>\n\n\n\n<h2 class=\"wp-block-heading\">Nos id\u00e9es pour une c\u00e9l\u00e9bration m\u00e9morable afin de perp\u00e9tuer les traditions<\/h2>\n\n\n\n<p>Pour honorer cette occasion unique dans le calendrier fran\u00e7ais, voici quelques suggestions pour rendre cette journ\u00e9e inoubliable :<\/p>\n\n\n\n<ul>\n<li>Organiser une visite surprise des lieux embl\u00e9matiques de leur vie<\/li>\n\n\n\n<li>Pr\u00e9parer un album photo personnalis\u00e9 retra\u00e7ant l\u2019histoire familiale<\/li>\n\n\n\n<li>Planifier un week-end en famille dans un lieu charg\u00e9 d\u2019histoire<\/li>\n\n\n\n<li>Partager un moment privil\u00e9gi\u00e9 autour d\u2019un caf\u00e9, perp\u00e9tuant ainsi la tradition originelle<\/li>\n\n\n\n<li>Cr\u00e9er un carnet de souvenirs o\u00f9 parents et enfants partagent leurs plus beaux moments<\/li>\n<\/ul>\n\n\n\n<div style=\"height:5px\" aria-hidden=\"true\" class=\"wp-block-spacer\"><\/div>\n\n\n<div class=\"wp-block-image\">\n<figure class=\"aligncenter size-full\"><img decoding=\"async\" width=\"1000\" height=\"562\" src=\"https:\/\/www.cadeaux.com\/blog\/wp-content\/uploads\/2025\/02\/poeme-grand-mere.jpeg\" alt=\"poeme grand mere\" class=\"wp-image-79329\" srcset=\"https:\/\/www.cadeaux.com\/blog\/wp-content\/uploads\/2025\/02\/poeme-grand-mere.jpeg 1000w, https:\/\/www.cadeaux.com\/blog\/wp-content\/uploads\/2025\/02\/poeme-grand-mere-300x169.jpeg 300w, https:\/\/www.cadeaux.com\/blog\/wp-content\/uploads\/2025\/02\/poeme-grand-mere-768x432.jpeg 768w\" sizes=\"(max-width: 1000px) 100vw, 1000px\"><\/figure><\/div>\n\n\n<div style=\"height:5px\" aria-hidden=\"true\" class=\"wp-block-spacer\"><\/div>\n\n\n\n<h2 class=\"wp-block-heading\">L\u2019importance des cadeaux personnalis\u00e9s<\/h2>\n\n\n\n<p>La tradition des <a href=\"https:\/\/www.cadeaux.com\/cadeau-fete-des-grands-meres\" target=\"_blank\" rel=\"noreferrer noopener\">cadeaux lors de la f\u00eate des grands-m\u00e8res<\/a> occupe une place centrale dans cette c\u00e9l\u00e9bration. Les pr\u00e9sents personnalis\u00e9s sont particuli\u00e8rement appr\u00e9ci\u00e9s car ils t\u00e9moignent d\u2019une attention particuli\u00e8re et cr\u00e9ent de fabuleux souvenirs ancr\u00e9s dans la m\u00e9moire de mamie. Des objets grav\u00e9s aux albums photos sur mesure en passant par les cr\u00e9ations artisanales des petits-enfants, ces attentions touchent toujours le c\u0153ur des mamies.<\/p>\n\n\n\n<div style=\"height:5px\" aria-hidden=\"true\" class=\"wp-block-spacer\"><\/div>\n\n\n\n<div class=\"txtlireaussi\">Lire aussi<\/div>\n<div class=\"lireaussi\"><a href=\"\/blog\/6-messages-pour-la-fete-des-grands-meres\/\">6 id\u00e9es de messages pour la f\u00eate des grands-m\u00e8res<\/a><\/div>\n\n\n\n<div style=\"height:5px\" aria-hidden=\"true\" class=\"wp-block-spacer\"><\/div>\n\n\n<div class=\"products-container\"><div class=\"product-col\">\n\t\t<span data-obflink-url=\"aHR0cHM6Ly93d3cuY2FkZWF1eC5jb20vcG90LWRlLWZsZXVycy1tYW1pZS1mbGV1cmllLXAxODc2L3BvdC1kZS1mbGV1cnMtbWFtaWUtZmxldXJpZT91dG1fc291cmNlPWJsb2dfcHJvZHVjdHMmdXRtX21lZGl1bT1vcmdhbmljJnV0bV9jYW1wYWlnbj0xODc2XzIwMjE=\" target=\"_blank\" title=\"Pot de fleurs personnalis\u00e9 - Mamie fleurie\">\n\t\t\t\t\t\t<div class=\"product-card\">\n\t\t\t\t\t\t\t\t\t<div class=\"product-image\"><img width=\"100%\" height=\"100%\" src=\"https:\/\/www.cadeaux.com\/media\/image\/d0\/f1\/6430eb0b134b51f8e25370057309420636241385ca886575d6e27d7dff893235.jpg\" class=\"attachment-post-thumbnail size-post-thumbnail wp-post-image lazyautosizes lazyloaded\" \/><\/div>\n\t\t\t\t\t\t\t\t\t<div class=\"product-content\">\n\t\t\t\t\t\t\t\t\t\t<span class=\"product-title\">Pot de fleurs personnalis\u00e9 - Mamie fleurie<\/span>\n\t\t\t\t\t\t\t\t\t\t<span class=\"product-info\">d\u00e8s <span class=\"product-price\">19.95 EUR \u20ac<\/span><\/span>\n\t\t\t\t\t\t\t\t\t<\/div>\n\t\t\t\t\t\t<\/div>\n\t\t\t\t\t\t<\/a>\n\t\t\t\t<\/div><div class=\"product-col\">\n\t\t<span data-obflink-url=\"aHR0cHM6Ly93d3cuY2FkZWF1eC5jb20vY291c3Npbi1tYW1pZS1mbGV1cmllLXAxODk5L2NvdXNzaW4tbWFtaWUtZmxldXJpZS1ibGFuYz91dG1fc291cmNlPWJsb2dfcHJvZHVjdHMmdXRtX21lZGl1bT1vcmdhbmljJnV0bV9jYW1wYWlnbj0xODk5XzE2NTA3\" target=\"_blank\" title=\"Coussin personnalis\u00e9 - Mamie Fleurie\">\n\t\t\t\t\t\t<div class=\"product-card\">\n\t\t\t\t\t\t\t\t\t<div class=\"product-image\"><img width=\"100%\" height=\"100%\" src=\"https:\/\/www.cadeaux.com\/media\/image\/20\/e5\/f1621ac676d0ecdc6fd95e499265e4b774c98135512bbc2a1079b25e82683457.jpg\" class=\"attachment-post-thumbnail size-post-thumbnail wp-post-image lazyautosizes lazyloaded\" \/><\/div>\n\t\t\t\t\t\t\t\t\t<div class=\"product-content\">\n\t\t\t\t\t\t\t\t\t\t<span class=\"product-title\">Coussin personnalis\u00e9 - Mamie Fleurie<\/span>\n\t\t\t\t\t\t\t\t\t\t<span class=\"product-info\">d\u00e8s <span class=\"product-price\">24.95 EUR \u20ac<\/span><\/span>\n\t\t\t\t\t\t\t\t\t<\/div>\n\t\t\t\t\t\t<\/div>\n\t\t\t\t\t\t<\/a>\n\t\t\t\t<\/div><div class=\"product-col\">\n\t\t<span data-obflink-url=\"aHR0cHM6Ly93d3cuY2FkZWF1eC5jb20vZ2FudC1tYW5pcXVlcy1mbGV1cmlzLXAxNzc4L2dhbnQtbWFuaXF1ZXMtZmxldXJpcz91dG1fc291cmNlPWJsb2dfcHJvZHVjdHMmdXRtX21lZGl1bT1vcmdhbmljJnV0bV9jYW1wYWlnbj0xNzc4XzE4NzE=\" target=\"_blank\" title=\"Gant et Maniques - Fleurs\">\n\t\t\t\t\t\t<div class=\"product-card\">\n\t\t\t\t\t\t\t\t\t<div class=\"product-image\"><img width=\"100%\" height=\"100%\" src=\"https:\/\/www.cadeaux.com\/media\/image\/61\/63\/74ab94f3d7d9a4286cde3cc45d145a5819f6b89bc68a337ae76ab1d0615d2436.jpg\" class=\"attachment-post-thumbnail size-post-thumbnail wp-post-image lazyautosizes lazyloaded\" \/><\/div>\n\t\t\t\t\t\t\t\t\t<div class=\"product-content\">\n\t\t\t\t\t\t\t\t\t\t<span class=\"product-title\">Gant et Maniques - Fleurs<\/span>\n\t\t\t\t\t\t\t\t\t\t<span class=\"product-info\">d\u00e8s <span class=\"product-price\">19.95 EUR \u20ac<\/span><\/span>\n\t\t\t\t\t\t\t\t\t<\/div>\n\t\t\t\t\t\t<\/div>\n\t\t\t\t\t\t<\/a>\n\t\t\t\t<\/div><div class=\"product-col\">\n\t\t<span data-obflink-url=\"aHR0cHM6Ly93d3cuY2FkZWF1eC5jb20vdHJvcGhlZS1wZXJzb25uYWxpc2UtbWFtaWUtcDM5MjkyL3Ryb3BoZWUtcGVyc29ubmFsaXNlLW1hbWllP3V0bV9zb3VyY2U9YmxvZ19wcm9kdWN0cyZ1dG1fbWVkaXVtPW9yZ2FuaWMmdXRtX2NhbXBhaWduPTM5MjkyXzc2NzUx\" target=\"_blank\" title=\"Troph\u00e9e personnalis\u00e9 - Mamie\">\n\t\t\t\t\t\t<div class=\"product-card\">\n\t\t\t\t\t\t\t\t\t<div class=\"product-image\"><img width=\"100%\" height=\"100%\" src=\"https:\/\/www.cadeaux.com\/media\/image\/44\/8c\/5d2f6be65dc782faa1c4340fa88c6d1eeef806980e0279815f5d82407fb9436516.jpg\" class=\"attachment-post-thumbnail size-post-thumbnail wp-post-image lazyautosizes lazyloaded\" \/><\/div>\n\t\t\t\t\t\t\t\t\t<div class=\"product-content\">\n\t\t\t\t\t\t\t\t\t\t<span class=\"product-title\">Troph\u00e9e personnalis\u00e9 - Mamie<\/span>\n\t\t\t\t\t\t\t\t\t\t<span class=\"product-info\">d\u00e8s <span class=\"product-price\">19.95 EUR \u20ac<\/span><\/span>\n\t\t\t\t\t\t\t\t\t<\/div>\n\t\t\t\t\t\t<\/div>\n\t\t\t\t\t\t<\/a>\n\t\t\t\t<\/div><\/div>\n\n\n\n<div style=\"height:5px\" aria-hidden=\"true\" class=\"wp-block-spacer\"><\/div>\n\n\n\n<h2 class=\"wp-block-heading\">Une f\u00eate qui renforce les liens interg\u00e9n\u00e9rationnels<\/h2>\n\n\n\n<p>Cette c\u00e9l\u00e9bration nationale, bien que r\u00e9cente dans l\u2019histoire de France, s\u2019est impos\u00e9e comme un moment essentiel de la vie familiale fran\u00e7aise. Elle permet de rendre justice au r\u00f4le irrempla\u00e7able des grands-m\u00e8res et de renforcer les liens entre les g\u00e9n\u00e9rations. C\u2019est aussi l\u2019occasion de rappeler l\u2019importance de la transmission des traditions et des valeurs familiales dans notre soci\u00e9t\u00e9 moderne.<\/p>\n\n\n\n<p>La f\u00eate des grands-m\u00e8res est vraiment unique en son genre et refl\u00e8te parfaitement l\u2019attachement des Fran\u00e7ais \u00e0 leurs traditions familiales ainsi que leur capacit\u00e9 \u00e0 cr\u00e9er de nouvelles c\u00e9l\u00e9brations significatives. Plus qu\u2019une simple f\u00eate commerciale, elle est devenue un v\u00e9ritable moment de partage et d\u2019amour qui enrichit la vie familiale fran\u00e7aise.<\/p>\n\n\n\n<div style=\"height:5px\" aria-hidden=\"true\" class=\"wp-block-spacer\"><\/div>\n\n\n\n<div class=\"wp-block-buttons is-layout-flex wp-block-buttons-is-layout-flex\">\n<div class=\"wp-block-button aligncenter\"><a class=\"wp-block-button__link has-background wp-element-button\" href=\"\/cadeau-fete-des-grands-meres?utm_source=blog&amp;utm_medium=organic&amp;utm_campaign=post-cta\" style=\"background-color:#e6274d\" target=\"_blank\" rel=\"noreferrer noopener\">Tous nos cadeaux pour la F\u00eate des grands-m\u00e8res<\/a><\/div>\n<\/div>\n\n\n\n<div style=\"height:5px\" aria-hidden=\"true\" class=\"wp-block-spacer\"><\/div>\n\n\n","protected":false},"excerpt":{"rendered":"<p>Parmi les diff\u00e9rentes c\u00e9l\u00e9brations familiales plus ou moins connues et pratiqu\u00e9es en France, la f\u00eate des grands-m\u00e8res occupe une place vraiment singuli\u00e8re. Chaque premier dimanche de mars, des millions de Fran\u00e7ais honorent ces femmes exceptionnelles qui jouent un r\u00f4le fondamental dans la vie familiale. Mais connaissez-vous la v\u00e9ritable histoire de cette f\u00eate qui fait la fiert\u00e9 de notre pays ?<\/p>\n","protected":false},"author":7,"featured_media":79326,"comment_status":"open","ping_status":"open","sticky":false,"template":"","format":"standard","meta":{"footnotes":""},"categories":[67],"tags":[68,69],"acf":[],"yoast_head":"<!-- This site is optimized with the Yoast SEO plugin v21.5 - https:\/\/yoast.com\/wordpress\/plugins\/seo\/ -->\n<title>Origines de la f\u00eate des grands-m\u00e8res | Le Mag de Cadeaux.com<\/title>\n<meta name=\"description\" content=\"\ud83d\udc75Savez-vous quelles sont les v\u00e9ritables origines de la f\u00eate des grands-m\u00e8res ? On vous explique tout dans cet article historique !\" \/>\n<meta name=\"robots\" content=\"index, follow, max-snippet:-1, max-image-preview:large, max-video-preview:-1\" \/>\n<link rel=\"canonical\" href=\"https:\/\/www.cadeaux.com\/blog\/origines-histoire-fete-des-grands-meres\/\" \/>\n<meta property=\"og:locale\" content=\"fr_FR\" \/>\n<meta property=\"og:type\" content=\"article\" \/>\n<meta property=\"og:title\" content=\"Origines de la f\u00eate des grands-m\u00e8res | Le Mag de Cadeaux.com\" \/>\n<meta property=\"og:description\" content=\"\ud83d\udc75Savez-vous quelles sont les v\u00e9ritables origines de la f\u00eate des grands-m\u00e8res ? On vous explique tout dans cet article historique !\" \/>\n<meta property=\"og:url\" content=\"https:\/\/www.cadeaux.com\/blog\/origines-histoire-fete-des-grands-meres\/\" \/>\n<meta property=\"og:site_name\" content=\"Le Mag de Cadeaux.com\" \/>\n<meta property=\"article:publisher\" content=\"https:\/\/fr-fr.facebook.com\/cadeauxcom\/\" \/>\n<meta property=\"article:published_time\" content=\"2025-02-24T09:57:22+00:00\" \/>\n<meta property=\"article:modified_time\" content=\"2025-02-24T10:07:09+00:00\" \/>\n<meta property=\"og:image\" content=\"https:\/\/www.cadeaux.com\/blog\/wp-content\/uploads\/2025\/02\/balade-champetre-mamie.jpeg\" \/>\n\t<meta property=\"og:image:width\" content=\"2000\" \/>\n\t<meta property=\"og:image:height\" content=\"1333\" \/>\n\t<meta property=\"og:image:type\" content=\"image\/jpeg\" \/>\n<meta name=\"author\" content=\"Emilien\" \/>\n<meta name=\"twitter:card\" content=\"summary_large_image\" \/>\n<meta name=\"twitter:label1\" content=\"\u00c9crit par\" \/>\n\t<meta name=\"twitter:data1\" content=\"Emilien\" \/>\n\t<meta name=\"twitter:label2\" content=\"Dur\u00e9e de lecture estim\u00e9e\" \/>\n\t<meta name=\"twitter:data2\" content=\"6 minutes\" \/>\n<script type=\"application\/ld+json\" class=\"yoast-schema-graph\">{\"@context\":\"https:\/\/schema.org\",\"@graph\":[{\"@type\":\"Article\",\"@id\":\"https:\/\/www.cadeaux.com\/blog\/origines-histoire-fete-des-grands-meres\/#article\",\"isPartOf\":{\"@id\":\"https:\/\/www.cadeaux.com\/blog\/origines-histoire-fete-des-grands-meres\/\"},\"author\":{\"name\":\"Emilien\",\"@id\":\"https:\/\/www.cadeaux.com\/blog\/#\/schema\/person\/6915e0ea5416553441815db4ab50830f\"},\"headline\":\"La v\u00e9ritable histoire de la F\u00eate des grands-m\u00e8res : une tradition fran\u00e7aise unique et attachante\",\"datePublished\":\"2025-02-24T09:57:22+00:00\",\"dateModified\":\"2025-02-24T10:07:09+00:00\",\"mainEntityOfPage\":{\"@id\":\"https:\/\/www.cadeaux.com\/blog\/origines-histoire-fete-des-grands-meres\/\"},\"wordCount\":1042,\"commentCount\":0,\"publisher\":{\"@id\":\"https:\/\/www.cadeaux.com\/blog\/#organization\"},\"keywords\":[\"F\u00eate des grands-m\u00e8res\",\"Grand-m\u00e8re\"],\"articleSection\":[\"F\u00eate des grands-m\u00e8res\"],\"inLanguage\":\"fr-FR\",\"potentialAction\":[{\"@type\":\"CommentAction\",\"name\":\"Comment\",\"target\":[\"https:\/\/www.cadeaux.com\/blog\/origines-histoire-fete-des-grands-meres\/#respond\"]}]},{\"@type\":\"WebPage\",\"@id\":\"https:\/\/www.cadeaux.com\/blog\/origines-histoire-fete-des-grands-meres\/\",\"url\":\"https:\/\/www.cadeaux.com\/blog\/origines-histoire-fete-des-grands-meres\/\",\"name\":\"Origines de la f\u00eate des grands-m\u00e8res | Le Mag de Cadeaux.com\",\"isPartOf\":{\"@id\":\"https:\/\/www.cadeaux.com\/blog\/#website\"},\"datePublished\":\"2025-02-24T09:57:22+00:00\",\"dateModified\":\"2025-02-24T10:07:09+00:00\",\"description\":\"\ud83d\udc75Savez-vous quelles sont les v\u00e9ritables origines de la f\u00eate des grands-m\u00e8res ? On vous explique tout dans cet article historique !\",\"breadcrumb\":{\"@id\":\"https:\/\/www.cadeaux.com\/blog\/origines-histoire-fete-des-grands-meres\/#breadcrumb\"},\"inLanguage\":\"fr-FR\",\"potentialAction\":[{\"@type\":\"ReadAction\",\"target\":[\"https:\/\/www.cadeaux.com\/blog\/origines-histoire-fete-des-grands-meres\/\"]}]},{\"@type\":\"BreadcrumbList\",\"@id\":\"https:\/\/www.cadeaux.com\/blog\/origines-histoire-fete-des-grands-meres\/#breadcrumb\",\"itemListElement\":[{\"@type\":\"ListItem\",\"position\":1,\"name\":\"Accueil\",\"item\":\"https:\/\/www.cadeaux.com\/blog\/\"},{\"@type\":\"ListItem\",\"position\":2,\"name\":\"La v\u00e9ritable histoire de la F\u00eate des grands-m\u00e8res : une tradition fran\u00e7aise unique et attachante\"}]},{\"@type\":\"WebSite\",\"@id\":\"https:\/\/www.cadeaux.com\/blog\/#website\",\"url\":\"https:\/\/www.cadeaux.com\/blog\/\",\"name\":\"Le Mag de Cadeaux.com\",\"description\":\"\",\"publisher\":{\"@id\":\"https:\/\/www.cadeaux.com\/blog\/#organization\"},\"potentialAction\":[{\"@type\":\"SearchAction\",\"target\":{\"@type\":\"EntryPoint\",\"urlTemplate\":\"https:\/\/www.cadeaux.com\/blog\/?s={search_term_string}\"},\"query-input\":\"required name=search_term_string\"}],\"inLanguage\":\"fr-FR\"},{\"@type\":\"Organization\",\"@id\":\"https:\/\/www.cadeaux.com\/blog\/#organization\",\"name\":\"Cadeaux.com\",\"url\":\"https:\/\/www.cadeaux.com\/blog\/\",\"logo\":{\"@type\":\"ImageObject\",\"inLanguage\":\"fr-FR\",\"@id\":\"https:\/\/www.cadeaux.com\/blog\/#\/schema\/logo\/image\/\",\"url\":\"https:\/\/www.cadeaux.com\/blog\/wp-content\/uploads\/2019\/07\/logo-cadeaux.png\",\"contentUrl\":\"https:\/\/www.cadeaux.com\/blog\/wp-content\/uploads\/2019\/07\/logo-cadeaux.png\",\"width\":587,\"height\":120,\"caption\":\"Cadeaux.com\"},\"image\":{\"@id\":\"https:\/\/www.cadeaux.com\/blog\/#\/schema\/logo\/image\/\"},\"sameAs\":[\"https:\/\/fr-fr.facebook.com\/cadeauxcom\/\",\"https:\/\/www.instagram.com\/cadeaux_com\/\"]},{\"@type\":\"Person\",\"@id\":\"https:\/\/www.cadeaux.com\/blog\/#\/schema\/person\/6915e0ea5416553441815db4ab50830f\",\"name\":\"Emilien\",\"image\":{\"@type\":\"ImageObject\",\"inLanguage\":\"fr-FR\",\"@id\":\"https:\/\/www.cadeaux.com\/blog\/#\/schema\/person\/image\/\",\"url\":\"https:\/\/secure.gravatar.com\/avatar\/9976a6d6f1e0fa731f632c1f9b0acea9?s=96&d=mm&r=g\",\"contentUrl\":\"https:\/\/secure.gravatar.com\/avatar\/9976a6d6f1e0fa731f632c1f9b0acea9?s=96&d=mm&r=g\",\"caption\":\"Emilien\"},\"description\":\"Emilien, Lyonnais depuis toujours et arm\u00e9 de son plus beau sourire, est heureux d'\u00e9laborer et de partager avec vous les meilleurs guides d'achat et conseils cadeaux pour vous aider \u00e0 trouver LE bon cadeau de tous vos \u00e9v\u00e9nements importants. En dehors de \u00e7a, il adore crapahuter dans nos belles r\u00e9gions et s'int\u00e9resse de pr\u00e8s \u00e0 la photographie.\",\"url\":\"https:\/\/www.cadeaux.com\/blog\/author\/emilien\/\"}]}<\/script>\n<!-- \/ Yoast SEO plugin. -->","yoast_head_json":{"title":"Origines de la f\u00eate des grands-m\u00e8res | Le Mag de Cadeaux.com","description":"\ud83d\udc75Savez-vous quelles sont les v\u00e9ritables origines de la f\u00eate des grands-m\u00e8res ? On vous explique tout dans cet article historique !","robots":{"index":"index","follow":"follow","max-snippet":"max-snippet:-1","max-image-preview":"max-image-preview:large","max-video-preview":"max-video-preview:-1"},"canonical":"https:\/\/www.cadeaux.com\/blog\/origines-histoire-fete-des-grands-meres\/","og_locale":"fr_FR","og_type":"article","og_title":"Origines de la f\u00eate des grands-m\u00e8res | Le Mag de Cadeaux.com","og_description":"\ud83d\udc75Savez-vous quelles sont les v\u00e9ritables origines de la f\u00eate des grands-m\u00e8res ? On vous explique tout dans cet article historique !","og_url":"https:\/\/www.cadeaux.com\/blog\/origines-histoire-fete-des-grands-meres\/","og_site_name":"Le Mag de Cadeaux.com","article_publisher":"https:\/\/fr-fr.facebook.com\/cadeauxcom\/","article_published_time":"2025-02-24T09:57:22+00:00","article_modified_time":"2025-02-24T10:07:09+00:00","og_image":[{"width":2000,"height":1333,"url":"https:\/\/www.cadeaux.com\/blog\/wp-content\/uploads\/2025\/02\/balade-champetre-mamie.jpeg","type":"image\/jpeg"}],"author":"Emilien","twitter_card":"summary_large_image","twitter_misc":{"\u00c9crit par":"Emilien","Dur\u00e9e de lecture estim\u00e9e":"6 minutes"},"schema":{"@context":"https:\/\/schema.org","@graph":[{"@type":"Article","@id":"https:\/\/www.cadeaux.com\/blog\/origines-histoire-fete-des-grands-meres\/#article","isPartOf":{"@id":"https:\/\/www.cadeaux.com\/blog\/origines-histoire-fete-des-grands-meres\/"},"author":{"name":"Emilien","@id":"https:\/\/www.cadeaux.com\/blog\/#\/schema\/person\/6915e0ea5416553441815db4ab50830f"},"headline":"La v\u00e9ritable histoire de la F\u00eate des grands-m\u00e8res : une tradition fran\u00e7aise unique et attachante","datePublished":"2025-02-24T09:57:22+00:00","dateModified":"2025-02-24T10:07:09+00:00","mainEntityOfPage":{"@id":"https:\/\/www.cadeaux.com\/blog\/origines-histoire-fete-des-grands-meres\/"},"wordCount":1042,"commentCount":0,"publisher":{"@id":"https:\/\/www.cadeaux.com\/blog\/#organization"},"keywords":["F\u00eate des grands-m\u00e8res","Grand-m\u00e8re"],"articleSection":["F\u00eate des grands-m\u00e8res"],"inLanguage":"fr-FR","potentialAction":[{"@type":"CommentAction","name":"Comment","target":["https:\/\/www.cadeaux.com\/blog\/origines-histoire-fete-des-grands-meres\/#respond"]}]},{"@type":"WebPage","@id":"https:\/\/www.cadeaux.com\/blog\/origines-histoire-fete-des-grands-meres\/","url":"https:\/\/www.cadeaux.com\/blog\/origines-histoire-fete-des-grands-meres\/","name":"Origines de la f\u00eate des grands-m\u00e8res | Le Mag de Cadeaux.com","isPartOf":{"@id":"https:\/\/www.cadeaux.com\/blog\/#website"},"datePublished":"2025-02-24T09:57:22+00:00","dateModified":"2025-02-24T10:07:09+00:00","description":"\ud83d\udc75Savez-vous quelles sont les v\u00e9ritables origines de la f\u00eate des grands-m\u00e8res ? On vous explique tout dans cet article historique !","breadcrumb":{"@id":"https:\/\/www.cadeaux.com\/blog\/origines-histoire-fete-des-grands-meres\/#breadcrumb"},"inLanguage":"fr-FR","potentialAction":[{"@type":"ReadAction","target":["https:\/\/www.cadeaux.com\/blog\/origines-histoire-fete-des-grands-meres\/"]}]},{"@type":"BreadcrumbList","@id":"https:\/\/www.cadeaux.com\/blog\/origines-histoire-fete-des-grands-meres\/#breadcrumb","itemListElement":[{"@type":"ListItem","position":1,"name":"Accueil","item":"https:\/\/www.cadeaux.com\/blog\/"},{"@type":"ListItem","position":2,"name":"La v\u00e9ritable histoire de la F\u00eate des grands-m\u00e8res : une tradition fran\u00e7aise unique et attachante"}]},{"@type":"WebSite","@id":"https:\/\/www.cadeaux.com\/blog\/#website","url":"https:\/\/www.cadeaux.com\/blog\/","name":"Le Mag de Cadeaux.com","description":"","publisher":{"@id":"https:\/\/www.cadeaux.com\/blog\/#organization"},"potentialAction":[{"@type":"SearchAction","target":{"@type":"EntryPoint","urlTemplate":"https:\/\/www.cadeaux.com\/blog\/?s={search_term_string}"},"query-input":"required name=search_term_string"}],"inLanguage":"fr-FR"},{"@type":"Organization","@id":"https:\/\/www.cadeaux.com\/blog\/#organization","name":"Cadeaux.com","url":"https:\/\/www.cadeaux.com\/blog\/","logo":{"@type":"ImageObject","inLanguage":"fr-FR","@id":"https:\/\/www.cadeaux.com\/blog\/#\/schema\/logo\/image\/","url":"https:\/\/www.cadeaux.com\/blog\/wp-content\/uploads\/2019\/07\/logo-cadeaux.png","contentUrl":"https:\/\/www.cadeaux.com\/blog\/wp-content\/uploads\/2019\/07\/logo-cadeaux.png","width":587,"height":120,"caption":"Cadeaux.com"},"image":{"@id":"https:\/\/www.cadeaux.com\/blog\/#\/schema\/logo\/image\/"},"sameAs":["https:\/\/fr-fr.facebook.com\/cadeauxcom\/","https:\/\/www.instagram.com\/cadeaux_com\/"]},{"@type":"Person","@id":"https:\/\/www.cadeaux.com\/blog\/#\/schema\/person\/6915e0ea5416553441815db4ab50830f","name":"Emilien","image":{"@type":"ImageObject","inLanguage":"fr-FR","@id":"https:\/\/www.cadeaux.com\/blog\/#\/schema\/person\/image\/","url":"https:\/\/secure.gravatar.com\/avatar\/9976a6d6f1e0fa731f632c1f9b0acea9?s=96&d=mm&r=g","contentUrl":"https:\/\/secure.gravatar.com\/avatar\/9976a6d6f1e0fa731f632c1f9b0acea9?s=96&d=mm&r=g","caption":"Emilien"},"description":"Emilien, Lyonnais depuis toujours et arm\u00e9 de son plus beau sourire, est heureux d'\u00e9laborer et de partager avec vous les meilleurs guides d'achat et conseils cadeaux pour vous aider \u00e0 trouver LE bon cadeau de tous vos \u00e9v\u00e9nements importants. En dehors de \u00e7a, il adore crapahuter dans nos belles r\u00e9gions et s'int\u00e9resse de pr\u00e8s \u00e0 la photographie.","url":"https:\/\/www.cadeaux.com\/blog\/author\/emilien\/"}]}},"_links":{"self":[{"href":"https:\/\/www.cadeaux.com\/blog\/wp-json\/wp\/v2\/posts\/79323"}],"collection":[{"href":"https:\/\/www.cadeaux.com\/blog\/wp-json\/wp\/v2\/posts"}],"about":[{"href":"https:\/\/www.cadeaux.com\/blog\/wp-json\/wp\/v2\/types\/post"}],"author":[{"embeddable":true,"href":"https:\/\/www.cadeaux.com\/blog\/wp-json\/wp\/v2\/users\/7"}],"replies":[{"embeddable":true,"href":"https:\/\/www.cadeaux.com\/blog\/wp-json\/wp\/v2\/comments?post=79323"}],"version-history":[{"count":8,"href":"https:\/\/www.cadeaux.com\/blog\/wp-json\/wp\/v2\/posts\/79323\/revisions"}],"predecessor-version":[{"id":79367,"href":"https:\/\/www.cadeaux.com\/blog\/wp-json\/wp\/v2\/posts\/79323\/revisions\/79367"}],"wp:featuredmedia":[{"embeddable":true,"href":"https:\/\/www.cadeaux.com\/blog\/wp-json\/wp\/v2\/media\/79326"}],"wp:attachment":[{"href":"https:\/\/www.cadeaux.com\/blog\/wp-json\/wp\/v2\/media?parent=79323"}],"wp:term":[{"taxonomy":"category","embeddable":true,"href":"https:\/\/www.cadeaux.com\/blog\/wp-json\/wp\/v2\/categories?post=79323"},{"taxonomy":"post_tag","embeddable":true,"href":"https:\/\/www.cadeaux.com\/blog\/wp-json\/wp\/v2\/tags?post=79323"}],"curies":[{"name":"wp","href":"https:\/\/api.w.org\/{rel}","templated":true}]}}