{"id":762,"date":"2025-05-02T17:39:59","date_gmt":"2025-05-02T15:39:59","guid":{"rendered":"https:\/\/www.cadeaux.com\/blog\/?p=762"},"modified":"2025-05-26T10:00:37","modified_gmt":"2025-05-26T08:00:37","slug":"7-idees-geniales-pour-feter-sa-premiere-fete-des-meres","status":"publish","type":"post","link":"https:\/\/www.cadeaux.com\/blog\/7-idees-geniales-pour-feter-sa-premiere-fete-des-meres\/","title":{"rendered":"7 id\u00e9es g\u00e9niales pour c\u00e9l\u00e9brer sa premi\u00e8re f\u00eate des m\u00e8res en tant que maman !"},"content":{"rendered":"<p>Pour celles qui ont accouch\u00e9 il y a peu de temps, la premi\u00e8re f\u00eate des m\u00e8res est <strong>un \u00e9v\u00e9nement unique et sp\u00e9cial <\/strong>(pour tout savoir sur cette f\u00eate, retrouvez notre guide sur <a href=\"https:\/\/www.cadeaux.com\/blog\/fete-des-meres-tout-savoir-sur-sa-date-et-ses-origines\/\" target=\"_blank\" rel=\"noreferrer noopener\">les origines et le sens de la f\u00eate des m\u00e8res<\/a>)<strong>. <\/strong>C\u2019est l\u2019occasion de c\u00e9l\u00e9brer cette \u00e9tape importante de leur vie et de leur r\u00f4le de maman. Il est recommand\u00e9 de personnaliser ce pr\u00e9sent tr\u00e8s important, notamment en fonction de <a href=\"https:\/\/www.cadeaux.com\/blog\/quel-cadeau-fete-des-meres-selon-age-maman\/\" target=\"_blank\" rel=\"noreferrer noopener\">l\u2019\u00e2ge de la maman<\/a>. Si vous cherchez des id\u00e9es pour c\u00e9l\u00e9brer cette occasion sp\u00e9ciale, vous \u00eates au bon endroit ! Nous avons rassembl\u00e9<strong> 7 id\u00e9es g\u00e9niales de cadeau de premi\u00e8re f\u00eate des m\u00e8res <\/strong>pour rendre cette journ\u00e9e inoubliable (et encore plus d\u2019id\u00e9es dans ce <a href=\"https:\/\/www.cadeaux.com\/blog\/idees-cadeaux-fete-des-meres\/\">guide du cadeau de la f\u00eate des m\u00e8res<\/a> !)<\/p>\n\n\n\n<h2 class=\"wp-block-heading\">Marquer le coup avec un bijou<\/h2>\n\n\n\n<p>Quoi de mieux que de recevoir un bijou personnalis\u00e9 pour sa premi\u00e8re f\u00eate des m\u00e8res ? C\u2019est <strong>un cadeau qui durera longtemps <\/strong>et qui permettra \u00e0 la maman de se rappeler de ce moment sp\u00e9cial \u00e0 chaque fois qu\u2019elle le portera. Chez cadeaux.com, vous pouvez trouver une vari\u00e9t\u00e9 de bijoux personnalisables tels que des colliers, des bracelets, des bagues et m\u00eame des montres. Il vous suffit de choisir le bijou qui convient le mieux \u00e0 la maman et de le personnaliser avec son nom ou celui de l\u2019enfant. Vous pouvez \u00e9galement ajouter une date ou un message sp\u00e9cial pour rendre le cadeau encore plus significatif.<\/p>\n\n\n\n<div class=\"wp-block-group is-layout-constrained wp-block-group-is-layout-constrained\"><div class=\"wp-block-group__inner-container\">\n<div style=\"height:18px\" aria-hidden=\"true\" class=\"wp-block-spacer\"><\/div>\n\n\n\n<div class=\"wp-block-group is-layout-constrained wp-block-group-is-layout-constrained\"><div class=\"wp-block-group__inner-container\"><div class=\"products-container\"><div class=\"product-col\">\n\t\t<span data-obflink-url=\"aHR0cHM6Ly93d3cuY2FkZWF1eC5jb20vbXVnLXBlcnNvbm5hbGlzZS1kZWZpbml0aW9uLW1hbWFuLXAxNjA3OC9tdWctcGVyc29ubmFsaXNlLWRlZmluaXRpb24tbWFtYW4tY2xhc3NpcXVlP3V0bV9zb3VyY2U9YmxvZ19wcm9kdWN0cyZ1dG1fbWVkaXVtPW9yZ2FuaWMmdXRtX2NhbXBhaWduPTE2MDc4XzE3ODIy\" target=\"_blank\" title=\"Mug personnalis\u00e9 photo - D\u00e9finition Maman\">\n\t\t\t\t\t\t<div class=\"product-card\">\n\t\t\t\t\t\t\t\t\t<div class=\"product-image\"><img width=\"100%\" height=\"100%\" src=\"https:\/\/www.cadeaux.com\/media\/image\/92\/12\/7003142346811d48ced301c748ea1ac936b173353f50077380746ea47f3239072.jpg\" class=\"attachment-post-thumbnail size-post-thumbnail wp-post-image lazyautosizes lazyloaded\" \/><\/div>\n\t\t\t\t\t\t\t\t\t<div class=\"product-content\">\n\t\t\t\t\t\t\t\t\t\t<span class=\"product-title\">Mug personnalis\u00e9 photo - D\u00e9finition Maman<\/span>\n\t\t\t\t\t\t\t\t\t\t<span class=\"product-info\">d\u00e8s <span class=\"product-price\">12.95 EUR \u20ac<\/span><\/span>\n\t\t\t\t\t\t\t\t\t<\/div>\n\t\t\t\t\t\t<\/div>\n\t\t\t\t\t\t<\/a>\n\t\t\t\t<\/div><div class=\"product-col\">\n\t\t<span data-obflink-url=\"aHR0cHM6Ly93d3cuY2FkZWF1eC5jb20vc3dlYXQtYnJvZGUtdW5pc2V4ZS1wMTU2NTEvc3dlYXQtYnJvZGUtdW5pc2V4ZS1ncmlzP3V0bV9zb3VyY2U9YmxvZ19wcm9kdWN0cyZ1dG1fbWVkaXVtPW9yZ2FuaWMmdXRtX2NhbXBhaWduPTE1NjUxXzE3MDY2\" target=\"_blank\" title=\"Sweat personnalis\u00e9 brod\u00e9 - Message\">\n\t\t\t\t\t\t<div class=\"product-card\">\n\t\t\t\t\t\t\t\t\t<div class=\"product-image\"><img width=\"100%\" height=\"100%\" src=\"https:\/\/www.cadeaux.com\/media\/image\/5d\/f3\/c397d7759ef6b6fe6e7d63264692b1e15e10d400ec60a64a25a5ab3d701037355.jpg\" class=\"attachment-post-thumbnail size-post-thumbnail wp-post-image lazyautosizes lazyloaded\" \/><\/div>\n\t\t\t\t\t\t\t\t\t<div class=\"product-content\">\n\t\t\t\t\t\t\t\t\t\t<span class=\"product-title\">Sweat personnalis\u00e9 brod\u00e9 - Message<\/span>\n\t\t\t\t\t\t\t\t\t\t<span class=\"product-info\">d\u00e8s <span class=\"product-price\">49.95 EUR \u20ac<\/span><\/span>\n\t\t\t\t\t\t\t\t\t<\/div>\n\t\t\t\t\t\t<\/div>\n\t\t\t\t\t\t<\/a>\n\t\t\t\t<\/div><div class=\"product-col\">\n\t\t<span data-obflink-url=\"aHR0cHM6Ly93d3cuY2FkZWF1eC5jb20vYWZmaWNoZS1wZXJzb25uYWxpc2VlLW1hbWFuLWRlcHVpcy1wMTUzMDMvYWZmaWNoZS1wZXJzb25uYWxpc2VlLW1hbWFuLWRlcHVpcy1ub2lyP3V0bV9zb3VyY2U9YmxvZ19wcm9kdWN0cyZ1dG1fbWVkaXVtPW9yZ2FuaWMmdXRtX2NhbXBhaWduPTE1MzAzXzE4MDM3\" target=\"_blank\" title=\"Affiche personnalis\u00e9e - Maman Depuis\">\n\t\t\t\t\t\t<div class=\"product-card\">\n\t\t\t\t\t\t\t\t\t<div class=\"product-image\"><img width=\"100%\" height=\"100%\" src=\"https:\/\/www.cadeaux.com\/media\/image\/a4\/36\/ecc65f3f73ed2e8d69403e0a44cf432547aeda09b182543363aff0b8faf435859.jpg\" class=\"attachment-post-thumbnail size-post-thumbnail wp-post-image lazyautosizes lazyloaded\" \/><\/div>\n\t\t\t\t\t\t\t\t\t<div class=\"product-content\">\n\t\t\t\t\t\t\t\t\t\t<span class=\"product-title\">Affiche personnalis\u00e9e - Maman Depuis<\/span>\n\t\t\t\t\t\t\t\t\t\t<span class=\"product-info\">d\u00e8s <span class=\"product-price\">29.95 EUR \u20ac<\/span><\/span>\n\t\t\t\t\t\t\t\t\t<\/div>\n\t\t\t\t\t\t<\/div>\n\t\t\t\t\t\t<\/a>\n\t\t\t\t<\/div><div class=\"product-col\">\n\t\t<span data-obflink-url=\"aHR0cHM6Ly93d3cuY2FkZWF1eC5jb20vdGFibGllci1ibGFuYy1jb2xsZWN0aW9uLW1hbWFuLWZsZXVyaWUtcDQ5MDMvdGFibGllci1ibGFuYy1jb2xsZWN0aW9uLW1hbWFuLWZsZXVyaWU\/dXRtX3NvdXJjZT1ibG9nX3Byb2R1Y3RzJnV0bV9tZWRpdW09b3JnYW5pYyZ1dG1fY2FtcGFpZ249NDkwM181MTEx\" target=\"_blank\" title=\"Tablier personnalis\u00e9 - Maman Fleurie\">\n\t\t\t\t\t\t<div class=\"product-card\">\n\t\t\t\t\t\t\t\t\t<div class=\"product-image\"><img width=\"100%\" height=\"100%\" src=\"https:\/\/www.cadeaux.com\/media\/image\/57\/9a\/37679e57ab93a906b382fb5c1983e1b728725ce91540217b88ddea414ae722381.jpg\" class=\"attachment-post-thumbnail size-post-thumbnail wp-post-image lazyautosizes lazyloaded\" \/><\/div>\n\t\t\t\t\t\t\t\t\t<div class=\"product-content\">\n\t\t\t\t\t\t\t\t\t\t<span class=\"product-title\">Tablier personnalis\u00e9 - Maman Fleurie<\/span>\n\t\t\t\t\t\t\t\t\t\t<span class=\"product-info\">d\u00e8s <span class=\"product-price\">24.95 EUR \u20ac<\/span><\/span>\n\t\t\t\t\t\t\t\t\t<\/div>\n\t\t\t\t\t\t<\/div>\n\t\t\t\t\t\t<\/a>\n\t\t\t\t<\/div><\/div>\n<\/div><\/div>\n<\/div><\/div>\n\n\n\n<div style=\"height:18px\" aria-hidden=\"true\" class=\"wp-block-spacer\"><\/div>\n\n\n\n<h2 class=\"wp-block-heading\">Immortaliser le moment<\/h2>\n\n\n\n<p>Les photos sont un excellent moyen de <strong>capturer des souvenirs pr\u00e9cieux<\/strong>, surtout pour les nouvelles mamans qui veulent se souvenir de chaque moment avec leur b\u00e9b\u00e9. Offrir un cadre photo personnalis\u00e9 est une id\u00e9e de cadeau originale pour la f\u00eate des m\u00e8res. Chez cadeaux.com, vous pouvez trouver des cadres photo de diff\u00e9rentes tailles et styles. Vous pouvez \u00e9galement les personnaliser avec le nom du b\u00e9b\u00e9, la date de naissance ou <strong>un message sp\u00e9cial pour la maman.<\/strong><\/p>\n\n\n\n<h2 class=\"wp-block-heading\">Se souvenir des premiers mois<\/h2>\n\n\n\n<p>Les premiers mois de la vie d\u2019un b\u00e9b\u00e9 sont remplis de moments in\u00e9dits et de premi\u00e8res fois. Offrir un livre de souvenirs est une excellente id\u00e9e pour aider les nouvelles mamans \u00e0 capturer et \u00e0 se souvenir de ces moments. Chez cadeaux.com, vous pouvez trouver une vari\u00e9t\u00e9 de livres de souvenirs personnalisables. Vous pouvez ajouter le nom du nourrisson, des photos et des notes pour <strong>chaque \u00e9tape importante de sa vie<\/strong>. C\u2019est un cadeau qui sera ch\u00e9ri pour les ann\u00e9es \u00e0 venir.<\/p>\n\n\n\n<div class=\"wp-block-group is-layout-constrained wp-block-group-is-layout-constrained\"><div class=\"wp-block-group__inner-container\">\n<div style=\"height:18px\" aria-hidden=\"true\" class=\"wp-block-spacer\"><\/div>\n\n\n\n<div class=\"wp-block-group is-layout-constrained wp-block-group-is-layout-constrained\"><div class=\"wp-block-group__inner-container\"><div class=\"products-container\"><div class=\"product-col\">\n\t\t<span data-obflink-url=\"aHR0cHM6Ly93d3cuY2FkZWF1eC5jb20vbXVnLXBlcnNvbm5hbGlzZS1kZWZpbml0aW9uLW1hbWFuLXAxNjA3OC9tdWctcGVyc29ubmFsaXNlLWRlZmluaXRpb24tbWFtYW4tY2xhc3NpcXVlP3V0bV9zb3VyY2U9YmxvZ19wcm9kdWN0cyZ1dG1fbWVkaXVtPW9yZ2FuaWMmdXRtX2NhbXBhaWduPTE2MDc4XzE3ODIy\" target=\"_blank\" title=\"Mug personnalis\u00e9 photo - D\u00e9finition Maman\">\n\t\t\t\t\t\t<div class=\"product-card\">\n\t\t\t\t\t\t\t\t\t<div class=\"product-image\"><img width=\"100%\" height=\"100%\" src=\"https:\/\/www.cadeaux.com\/media\/image\/92\/12\/7003142346811d48ced301c748ea1ac936b173353f50077380746ea47f3239072.jpg\" class=\"attachment-post-thumbnail size-post-thumbnail wp-post-image lazyautosizes lazyloaded\" \/><\/div>\n\t\t\t\t\t\t\t\t\t<div class=\"product-content\">\n\t\t\t\t\t\t\t\t\t\t<span class=\"product-title\">Mug personnalis\u00e9 photo - D\u00e9finition Maman<\/span>\n\t\t\t\t\t\t\t\t\t\t<span class=\"product-info\">d\u00e8s <span class=\"product-price\">12.95 EUR \u20ac<\/span><\/span>\n\t\t\t\t\t\t\t\t\t<\/div>\n\t\t\t\t\t\t<\/div>\n\t\t\t\t\t\t<\/a>\n\t\t\t\t<\/div><div class=\"product-col\">\n\t\t<span data-obflink-url=\"aHR0cHM6Ly93d3cuY2FkZWF1eC5jb20vc3dlYXQtYnJvZGUtdW5pc2V4ZS1wMTU2NTEvc3dlYXQtYnJvZGUtdW5pc2V4ZS1ncmlzP3V0bV9zb3VyY2U9YmxvZ19wcm9kdWN0cyZ1dG1fbWVkaXVtPW9yZ2FuaWMmdXRtX2NhbXBhaWduPTE1NjUxXzE3MDY2\" target=\"_blank\" title=\"Sweat personnalis\u00e9 brod\u00e9 - Message\">\n\t\t\t\t\t\t<div class=\"product-card\">\n\t\t\t\t\t\t\t\t\t<div class=\"product-image\"><img width=\"100%\" height=\"100%\" src=\"https:\/\/www.cadeaux.com\/media\/image\/5d\/f3\/c397d7759ef6b6fe6e7d63264692b1e15e10d400ec60a64a25a5ab3d701037355.jpg\" class=\"attachment-post-thumbnail size-post-thumbnail wp-post-image lazyautosizes lazyloaded\" \/><\/div>\n\t\t\t\t\t\t\t\t\t<div class=\"product-content\">\n\t\t\t\t\t\t\t\t\t\t<span class=\"product-title\">Sweat personnalis\u00e9 brod\u00e9 - Message<\/span>\n\t\t\t\t\t\t\t\t\t\t<span class=\"product-info\">d\u00e8s <span class=\"product-price\">49.95 EUR \u20ac<\/span><\/span>\n\t\t\t\t\t\t\t\t\t<\/div>\n\t\t\t\t\t\t<\/div>\n\t\t\t\t\t\t<\/a>\n\t\t\t\t<\/div><div class=\"product-col\">\n\t\t<span data-obflink-url=\"aHR0cHM6Ly93d3cuY2FkZWF1eC5jb20vYWZmaWNoZS1wZXJzb25uYWxpc2VlLW1hbWFuLWRlcHVpcy1wMTUzMDMvYWZmaWNoZS1wZXJzb25uYWxpc2VlLW1hbWFuLWRlcHVpcy1ub2lyP3V0bV9zb3VyY2U9YmxvZ19wcm9kdWN0cyZ1dG1fbWVkaXVtPW9yZ2FuaWMmdXRtX2NhbXBhaWduPTE1MzAzXzE4MDM3\" target=\"_blank\" title=\"Affiche personnalis\u00e9e - Maman Depuis\">\n\t\t\t\t\t\t<div class=\"product-card\">\n\t\t\t\t\t\t\t\t\t<div class=\"product-image\"><img width=\"100%\" height=\"100%\" src=\"https:\/\/www.cadeaux.com\/media\/image\/a4\/36\/ecc65f3f73ed2e8d69403e0a44cf432547aeda09b182543363aff0b8faf435859.jpg\" class=\"attachment-post-thumbnail size-post-thumbnail wp-post-image lazyautosizes lazyloaded\" \/><\/div>\n\t\t\t\t\t\t\t\t\t<div class=\"product-content\">\n\t\t\t\t\t\t\t\t\t\t<span class=\"product-title\">Affiche personnalis\u00e9e - Maman Depuis<\/span>\n\t\t\t\t\t\t\t\t\t\t<span class=\"product-info\">d\u00e8s <span class=\"product-price\">29.95 EUR \u20ac<\/span><\/span>\n\t\t\t\t\t\t\t\t\t<\/div>\n\t\t\t\t\t\t<\/div>\n\t\t\t\t\t\t<\/a>\n\t\t\t\t<\/div><div class=\"product-col\">\n\t\t<span data-obflink-url=\"aHR0cHM6Ly93d3cuY2FkZWF1eC5jb20vdGFibGllci1ibGFuYy1jb2xsZWN0aW9uLW1hbWFuLWZsZXVyaWUtcDQ5MDMvdGFibGllci1ibGFuYy1jb2xsZWN0aW9uLW1hbWFuLWZsZXVyaWU\/dXRtX3NvdXJjZT1ibG9nX3Byb2R1Y3RzJnV0bV9tZWRpdW09b3JnYW5pYyZ1dG1fY2FtcGFpZ249NDkwM181MTEx\" target=\"_blank\" title=\"Tablier personnalis\u00e9 - Maman Fleurie\">\n\t\t\t\t\t\t<div class=\"product-card\">\n\t\t\t\t\t\t\t\t\t<div class=\"product-image\"><img width=\"100%\" height=\"100%\" src=\"https:\/\/www.cadeaux.com\/media\/image\/57\/9a\/37679e57ab93a906b382fb5c1983e1b728725ce91540217b88ddea414ae722381.jpg\" class=\"attachment-post-thumbnail size-post-thumbnail wp-post-image lazyautosizes lazyloaded\" \/><\/div>\n\t\t\t\t\t\t\t\t\t<div class=\"product-content\">\n\t\t\t\t\t\t\t\t\t\t<span class=\"product-title\">Tablier personnalis\u00e9 - Maman Fleurie<\/span>\n\t\t\t\t\t\t\t\t\t\t<span class=\"product-info\">d\u00e8s <span class=\"product-price\">24.95 EUR \u20ac<\/span><\/span>\n\t\t\t\t\t\t\t\t\t<\/div>\n\t\t\t\t\t\t<\/div>\n\t\t\t\t\t\t<\/a>\n\t\t\t\t<\/div><\/div>\n\n\n\n<div style=\"height:18px\" aria-hidden=\"true\" class=\"wp-block-spacer\"><\/div>\n<\/div><\/div>\n<\/div><\/div>\n\n\n\n<h2 class=\"wp-block-heading\">Prendre soin de la maman !<\/h2>\n\n\n\n<p>Les nouvelles mamans passent beaucoup de temps \u00e0 s\u2019occuper de leur b\u00e9b\u00e9 et elles m\u00e9ritent <strong>un moment de d\u00e9tente pour elles-m\u00eames<\/strong>. Offrir un panier de soins pour maman est une excellente id\u00e9e de cadeau pour la f\u00eate des m\u00e8res. Vous pouvez trouver des paniers de soins personnalisables sur Cadeaux.com qui contiennent des produits tels que des bougies parfum\u00e9es, des lotions pour le corps, des gommages et m\u00eame du th\u00e9 pour aider les mamans \u00e0 se d\u00e9tendre et \u00e0 se ressourcer. La moindre petite attention sera la bienvenue pour montrer \u00e0 une jeune maman que vous pensez \u00e0 elle (et pas uniquement \u00e0 son nouveau n\u00e9). Et si vous ne souhaitez pas la d\u00e9ranger dans son cocon familiale, de nombreuses options de <a href=\"https:\/\/www.interflora.fr\/c\/fleurs-fete-des-meres?utm_source=blog&amp;utm_medium=organic&amp;utm_campaign=fdm\">livraison de fleurs pour la f\u00eate de m\u00e8re<\/a>, de paniers gourmands et de coffrets soins sont disponibles ! <\/p>\n\n\n<div class=\"wp-block-image\">\n<figure class=\"aligncenter size-full\"><img fetchpriority=\"high\" decoding=\"async\" width=\"400\" height=\"400\" src=\"https:\/\/www.cadeaux.com\/blog\/wp-content\/uploads\/2019\/07\/t-shirt-blanc-femme-je-dechire_maman.jpg\" alt=\"\" class=\"wp-image-739\" srcset=\"https:\/\/www.cadeaux.com\/blog\/wp-content\/uploads\/2019\/07\/t-shirt-blanc-femme-je-dechire_maman.jpg 400w, https:\/\/www.cadeaux.com\/blog\/wp-content\/uploads\/2019\/07\/t-shirt-blanc-femme-je-dechire_maman-300x300.jpg 300w, https:\/\/www.cadeaux.com\/blog\/wp-content\/uploads\/2019\/07\/t-shirt-blanc-femme-je-dechire_maman-150x150.jpg 150w\" sizes=\"(max-width: 400px) 100vw, 400px\"><\/figure><\/div>\n\n\n<div class=\"wp-block-buttons is-content-justification-center is-layout-flex wp-container-5 wp-block-buttons-is-layout-flex\">\n<div class=\"wp-block-button\"><a class=\"wp-block-button__link has-background wp-element-button\" href=\"\/t-shirt-blanc-femme-personnalisable-collection-je-dechire-p1662?utm_source=blog&amp;utm_medium=organic&amp;utm_campaign=post-cta\" style=\"background-color:#e6274d\" target=\"_blank\" rel=\"noreferrer noopener\">Voir le produit<\/a><\/div>\n<\/div>\n\n\n\n<h2 class=\"wp-block-heading\">Un b\u00e9b\u00e9 trop tendance<\/h2>\n\n\n\n<p>Les mamans adorent habiller leur b\u00e9b\u00e9 avec des v\u00eatements mignons et personnalis\u00e9s. Offrir un v\u00eatement personnalis\u00e9 pour b\u00e9b\u00e9 est une id\u00e9e de cadeau originale pour la f\u00eate des m\u00e8res. Chez cadeaux.com, vous pouvez trouver une vari\u00e9t\u00e9 de v\u00eatements pour b\u00e9b\u00e9s personnalisables tels que des body, des pyjamas et des bavoirs. Vous pouvez ajouter le <strong>nom de l\u2019enfant ou tout autre petit nom trop mignon<\/strong>.<\/p>\n\n\n\n<h2 class=\"wp-block-heading\">Un album photo personnalis\u00e9 pour capturer des souvenirs pr\u00e9cieux<\/h2>\n\n\n\n<p>En tant que nouvelle maman, vous prendrez probablement des milliers de photos de votre b\u00e9b\u00e9 au cours de sa premi\u00e8re ann\u00e9e. <strong>Un cadre photo ne suffit pas ? Pourquoi ne pas cr\u00e9er un album photo personnalis\u00e9<\/strong> pour conserver ces souvenirs pr\u00e9cieux ? Cadeaux.com propose une grande vari\u00e9t\u00e9 d\u2019albums photo personnalisables, avec des couvertures \u00e9l\u00e9gantes et des pages personnalisables pour que vous puissiez ajouter vos propres l\u00e9gendes et commentaires.<\/p>\n\n\n\n<div class=\"wp-block-group is-layout-constrained wp-block-group-is-layout-constrained\"><div class=\"wp-block-group__inner-container\">\n<div style=\"height:18px\" aria-hidden=\"true\" class=\"wp-block-spacer\"><\/div>\n\n\n\n<div class=\"wp-block-group is-layout-constrained wp-block-group-is-layout-constrained\"><div class=\"wp-block-group__inner-container\"><div class=\"products-container\"><div class=\"product-col\">\n\t\t<span data-obflink-url=\"aHR0cHM6Ly93d3cuY2FkZWF1eC5jb20vbXVnLXBlcnNvbm5hbGlzZS1kZWZpbml0aW9uLW1hbWFuLXAxNjA3OC9tdWctcGVyc29ubmFsaXNlLWRlZmluaXRpb24tbWFtYW4tY2xhc3NpcXVlP3V0bV9zb3VyY2U9YmxvZ19wcm9kdWN0cyZ1dG1fbWVkaXVtPW9yZ2FuaWMmdXRtX2NhbXBhaWduPTE2MDc4XzE3ODIy\" target=\"_blank\" title=\"Mug personnalis\u00e9 photo - D\u00e9finition Maman\">\n\t\t\t\t\t\t<div class=\"product-card\">\n\t\t\t\t\t\t\t\t\t<div class=\"product-image\"><img width=\"100%\" height=\"100%\" src=\"https:\/\/www.cadeaux.com\/media\/image\/92\/12\/7003142346811d48ced301c748ea1ac936b173353f50077380746ea47f3239072.jpg\" class=\"attachment-post-thumbnail size-post-thumbnail wp-post-image lazyautosizes lazyloaded\" \/><\/div>\n\t\t\t\t\t\t\t\t\t<div class=\"product-content\">\n\t\t\t\t\t\t\t\t\t\t<span class=\"product-title\">Mug personnalis\u00e9 photo - D\u00e9finition Maman<\/span>\n\t\t\t\t\t\t\t\t\t\t<span class=\"product-info\">d\u00e8s <span class=\"product-price\">12.95 EUR \u20ac<\/span><\/span>\n\t\t\t\t\t\t\t\t\t<\/div>\n\t\t\t\t\t\t<\/div>\n\t\t\t\t\t\t<\/a>\n\t\t\t\t<\/div><div class=\"product-col\">\n\t\t<span data-obflink-url=\"aHR0cHM6Ly93d3cuY2FkZWF1eC5jb20vc3dlYXQtYnJvZGUtdW5pc2V4ZS1wMTU2NTEvc3dlYXQtYnJvZGUtdW5pc2V4ZS1ncmlzP3V0bV9zb3VyY2U9YmxvZ19wcm9kdWN0cyZ1dG1fbWVkaXVtPW9yZ2FuaWMmdXRtX2NhbXBhaWduPTE1NjUxXzE3MDY2\" target=\"_blank\" title=\"Sweat personnalis\u00e9 brod\u00e9 - Message\">\n\t\t\t\t\t\t<div class=\"product-card\">\n\t\t\t\t\t\t\t\t\t<div class=\"product-image\"><img width=\"100%\" height=\"100%\" src=\"https:\/\/www.cadeaux.com\/media\/image\/5d\/f3\/c397d7759ef6b6fe6e7d63264692b1e15e10d400ec60a64a25a5ab3d701037355.jpg\" class=\"attachment-post-thumbnail size-post-thumbnail wp-post-image lazyautosizes lazyloaded\" \/><\/div>\n\t\t\t\t\t\t\t\t\t<div class=\"product-content\">\n\t\t\t\t\t\t\t\t\t\t<span class=\"product-title\">Sweat personnalis\u00e9 brod\u00e9 - Message<\/span>\n\t\t\t\t\t\t\t\t\t\t<span class=\"product-info\">d\u00e8s <span class=\"product-price\">49.95 EUR \u20ac<\/span><\/span>\n\t\t\t\t\t\t\t\t\t<\/div>\n\t\t\t\t\t\t<\/div>\n\t\t\t\t\t\t<\/a>\n\t\t\t\t<\/div><div class=\"product-col\">\n\t\t<span data-obflink-url=\"aHR0cHM6Ly93d3cuY2FkZWF1eC5jb20vYWZmaWNoZS1wZXJzb25uYWxpc2VlLW1hbWFuLWRlcHVpcy1wMTUzMDMvYWZmaWNoZS1wZXJzb25uYWxpc2VlLW1hbWFuLWRlcHVpcy1ub2lyP3V0bV9zb3VyY2U9YmxvZ19wcm9kdWN0cyZ1dG1fbWVkaXVtPW9yZ2FuaWMmdXRtX2NhbXBhaWduPTE1MzAzXzE4MDM3\" target=\"_blank\" title=\"Affiche personnalis\u00e9e - Maman Depuis\">\n\t\t\t\t\t\t<div class=\"product-card\">\n\t\t\t\t\t\t\t\t\t<div class=\"product-image\"><img width=\"100%\" height=\"100%\" src=\"https:\/\/www.cadeaux.com\/media\/image\/a4\/36\/ecc65f3f73ed2e8d69403e0a44cf432547aeda09b182543363aff0b8faf435859.jpg\" class=\"attachment-post-thumbnail size-post-thumbnail wp-post-image lazyautosizes lazyloaded\" \/><\/div>\n\t\t\t\t\t\t\t\t\t<div class=\"product-content\">\n\t\t\t\t\t\t\t\t\t\t<span class=\"product-title\">Affiche personnalis\u00e9e - Maman Depuis<\/span>\n\t\t\t\t\t\t\t\t\t\t<span class=\"product-info\">d\u00e8s <span class=\"product-price\">29.95 EUR \u20ac<\/span><\/span>\n\t\t\t\t\t\t\t\t\t<\/div>\n\t\t\t\t\t\t<\/div>\n\t\t\t\t\t\t<\/a>\n\t\t\t\t<\/div><div class=\"product-col\">\n\t\t<span data-obflink-url=\"aHR0cHM6Ly93d3cuY2FkZWF1eC5jb20vdGFibGllci1ibGFuYy1jb2xsZWN0aW9uLW1hbWFuLWZsZXVyaWUtcDQ5MDMvdGFibGllci1ibGFuYy1jb2xsZWN0aW9uLW1hbWFuLWZsZXVyaWU\/dXRtX3NvdXJjZT1ibG9nX3Byb2R1Y3RzJnV0bV9tZWRpdW09b3JnYW5pYyZ1dG1fY2FtcGFpZ249NDkwM181MTEx\" target=\"_blank\" title=\"Tablier personnalis\u00e9 - Maman Fleurie\">\n\t\t\t\t\t\t<div class=\"product-card\">\n\t\t\t\t\t\t\t\t\t<div class=\"product-image\"><img width=\"100%\" height=\"100%\" src=\"https:\/\/www.cadeaux.com\/media\/image\/57\/9a\/37679e57ab93a906b382fb5c1983e1b728725ce91540217b88ddea414ae722381.jpg\" class=\"attachment-post-thumbnail size-post-thumbnail wp-post-image lazyautosizes lazyloaded\" \/><\/div>\n\t\t\t\t\t\t\t\t\t<div class=\"product-content\">\n\t\t\t\t\t\t\t\t\t\t<span class=\"product-title\">Tablier personnalis\u00e9 - Maman Fleurie<\/span>\n\t\t\t\t\t\t\t\t\t\t<span class=\"product-info\">d\u00e8s <span class=\"product-price\">24.95 EUR \u20ac<\/span><\/span>\n\t\t\t\t\t\t\t\t\t<\/div>\n\t\t\t\t\t\t<\/div>\n\t\t\t\t\t\t<\/a>\n\t\t\t\t<\/div><\/div>\n\n\n\n<div style=\"height:18px\" aria-hidden=\"true\" class=\"wp-block-spacer\"><\/div>\n<\/div><\/div>\n<\/div><\/div>\n\n\n\n<h2 class=\"wp-block-heading\">Une journ\u00e9e spa pour se d\u00e9tendre et se ressourcer<\/h2>\n\n\n\n<p>La vie de maman peut \u00eatre stressante, alors pourquoi ne pas offrir \u00e0 une nouvelle maman une journ\u00e9e de d\u00e9tente dans un spa pour se ressourcer ? Cadeaux.com propose une s\u00e9lection de <a href=\"https:\/\/www.cadeaux.com\/cadeau-fete-des-meres\/fete-des-meres-cadeaux-beaute-et-bien-etre?utm_source=blog&amp;utm_medium=organic&amp;utm_campaign=fdm\" target=\"_blank\" rel=\"noreferrer noopener\">Cadeaux d\u00e9tente bien-\u00eatre f\u00eate des m\u00e8res<\/a> qui permettront \u00e0 une nouvelle maman de se d\u00e9tendre et de se faire dorloter. C\u2019est un <strong>cadeau qu\u2019elle n\u2019oubliera jamais.<\/strong><\/p>\n\n\n\n<h2 class=\"wp-block-heading\">Un coussin personnalis\u00e9 pour une touche de confort<\/h2>\n\n\n\n<p>Les nuits peuvent \u00eatre longues et difficiles pour une nouvelle maman, alors pourquoi ne pas offrir <strong>un peu de confort avec un coussin personnalis<\/strong>\u00e9 ? Cadeaux.com propose une grande vari\u00e9t\u00e9 de coussins personnalisables avec des designs mignons et des messages doux pour aider \u00e0 apaiser une nouvelle maman fatigu\u00e9e.<\/p>\n\n\n<div class=\"wp-block-image\">\n<figure class=\"aligncenter size-full is-resized\"><img decoding=\"async\" width=\"800\" height=\"640\" src=\"https:\/\/www.cadeaux.com\/blog\/wp-content\/uploads\/2020\/12\/coussin-3photos-1msg-1-zoom.jpg\" alt=\"\" class=\"wp-image-3072\" style=\"width:402px;height:322px\" srcset=\"https:\/\/www.cadeaux.com\/blog\/wp-content\/uploads\/2020\/12\/coussin-3photos-1msg-1-zoom.jpg 800w, https:\/\/www.cadeaux.com\/blog\/wp-content\/uploads\/2020\/12\/coussin-3photos-1msg-1-zoom-300x240.jpg 300w, https:\/\/www.cadeaux.com\/blog\/wp-content\/uploads\/2020\/12\/coussin-3photos-1msg-1-zoom-768x614.jpg 768w\" sizes=\"(max-width: 800px) 100vw, 800px\"><\/figure><\/div>\n\n\n<div class=\"wp-block-buttons is-content-justification-center is-layout-flex wp-container-8 wp-block-buttons-is-layout-flex\">\n<div class=\"wp-block-button\"><a class=\"wp-block-button__link has-background wp-element-button\" href=\"\/coussin-message-3-photos-p1811?utm_source=blog&amp;utm_medium=organic&amp;utm_campaign=post-cta\" style=\"background-color:#e6274d\" target=\"_blank\" rel=\"noreferrer noopener\">Voir le produit<\/a><\/div>\n<\/div>\n\n\n\n<h2 class=\"wp-block-heading\">Un mot tendre et une livraison impeccable<\/h2>\n\n\n\n<p>\u00catre maman pour la premi\u00e8re fois est une exp\u00e9rience incroyablement sp\u00e9ciale. Tout \u00e0 coup, vous \u00eates responsable d\u2019un petit \u00eatre qui d\u00e9pend enti\u00e8rement de vous. Et lorsque la f\u00eate des m\u00e8res approche, c\u2019est l\u2019occasion id\u00e9ale de c\u00e9l\u00e9brer cette nouvelle \u00e9tape de votre vie en choisissant un cadeau unique qui montre \u00e0 quel point vous appr\u00e9ciez le r\u00f4le que vous jouez en tant que maman. Si vous \u00eates l\u2019autre parent, un grand-parent ou un proche, vous pouvez aussi chouchouter la maman et l<strong>ui montrer, avec des <a href=\"http:\/\/cadeaux.com\/blog\/7-messages-et-poemes-pleins-damour-pour-la-fete-des-meres\/\" target=\"_blank\" rel=\"noreferrer noopener\">messages tendres et po\u00e8mes f\u00eate des m\u00e8res<\/a> et une livraison soign\u00e9e, \u00e0 quelle point elle est entour\u00e9e dans cette \u00e9tape cruciale de sa vie. <\/strong>Vous cherchez un cadeau mais vous manquez d\u2019inspiration, voici de nombreuses<a href=\"https:\/\/www.cadeaux.com\/cadeau-fete-des-meres\/cadeau-premiere-fete-des-meres?utm_source=blog&amp;utm_medium=organic&amp;utm_campaign=fdm\" target=\"_blank\" rel=\"noreferrer noopener\"> id\u00e9es cadeaux de premi\u00e8re f\u00eate des m\u00e8res !<\/a><\/p>\n\n\n","protected":false},"excerpt":{"rendered":"<p>Pour celles qui ont accouch\u00e9 il y a peu de temps, la premi\u00e8re f\u00eate des m\u00e8res est un \u00e9v\u00e9nement unique et sp\u00e9cial (pour tout savoir sur cette f\u00eate, retrouvez notre guide sur les origines et le sens de la f\u00eate des m\u00e8res). C&rsquo;est l&rsquo;occasion de c\u00e9l\u00e9brer cette \u00e9tape importante de leur vie et de leur r\u00f4le de maman.  Nous avons rassembl\u00e9 7 id\u00e9es g\u00e9niales de cadeau de premi\u00e8re f\u00eate des m\u00e8res pour rendre cette journ\u00e9e inoubliable !<\/p>\n","protected":false},"author":7,"featured_media":763,"comment_status":"open","ping_status":"open","sticky":false,"template":"","format":"standard","meta":{"footnotes":""},"categories":[38,36],"tags":[29,78],"acf":[],"yoast_head":"<!-- This site is optimized with the Yoast SEO plugin v21.5 - https:\/\/yoast.com\/wordpress\/plugins\/seo\/ -->\n<title>7 id\u00e9es pour f\u00eater sa premi\u00e8re F\u00eate des M\u00e8res | Le Mag de Cadeaux.com<\/title>\n<meta name=\"description\" content=\"C&#039;est votre toute premi\u00e8re F\u00eate des m\u00e8res ? Voici 7 id\u00e9es g\u00e9niales \u00e0 mettre en oeuvre pour c\u00e9l\u00e9brer ce jour \u00e0 votre gloire !\" \/>\n<meta name=\"robots\" content=\"index, follow, max-snippet:-1, max-image-preview:large, max-video-preview:-1\" \/>\n<link rel=\"canonical\" href=\"https:\/\/www.cadeaux.com\/blog\/7-idees-geniales-pour-feter-sa-premiere-fete-des-meres\/\" \/>\n<meta property=\"og:locale\" content=\"fr_FR\" \/>\n<meta property=\"og:type\" content=\"article\" \/>\n<meta property=\"og:title\" content=\"7 id\u00e9es pour f\u00eater sa premi\u00e8re F\u00eate des M\u00e8res | Le Mag de Cadeaux.com\" \/>\n<meta property=\"og:description\" content=\"C&#039;est votre toute premi\u00e8re F\u00eate des m\u00e8res ? Voici 7 id\u00e9es g\u00e9niales \u00e0 mettre en oeuvre pour c\u00e9l\u00e9brer ce jour \u00e0 votre gloire !\" \/>\n<meta property=\"og:url\" content=\"https:\/\/www.cadeaux.com\/blog\/7-idees-geniales-pour-feter-sa-premiere-fete-des-meres\/\" \/>\n<meta property=\"og:site_name\" content=\"Le Mag de Cadeaux.com\" \/>\n<meta property=\"article:publisher\" content=\"https:\/\/fr-fr.facebook.com\/cadeauxcom\/\" \/>\n<meta property=\"article:published_time\" content=\"2025-05-02T15:39:59+00:00\" \/>\n<meta property=\"article:modified_time\" content=\"2025-05-26T08:00:37+00:00\" \/>\n<meta property=\"og:image\" content=\"https:\/\/www.cadeaux.com\/blog\/wp-content\/uploads\/2019\/07\/Fotolia_145069812_Subscription_Monthly_XXL-scaled.jpg\" \/>\n\t<meta property=\"og:image:width\" content=\"2560\" \/>\n\t<meta property=\"og:image:height\" content=\"1707\" \/>\n\t<meta property=\"og:image:type\" content=\"image\/jpeg\" \/>\n<meta name=\"author\" content=\"Emilien\" \/>\n<meta name=\"twitter:card\" content=\"summary_large_image\" \/>\n<meta name=\"twitter:label1\" content=\"\u00c9crit par\" \/>\n\t<meta name=\"twitter:data1\" content=\"Emilien\" \/>\n\t<meta name=\"twitter:label2\" content=\"Dur\u00e9e de lecture estim\u00e9e\" \/>\n\t<meta name=\"twitter:data2\" content=\"6 minutes\" \/>\n<script type=\"application\/ld+json\" class=\"yoast-schema-graph\">{\"@context\":\"https:\/\/schema.org\",\"@graph\":[{\"@type\":\"Article\",\"@id\":\"https:\/\/www.cadeaux.com\/blog\/7-idees-geniales-pour-feter-sa-premiere-fete-des-meres\/#article\",\"isPartOf\":{\"@id\":\"https:\/\/www.cadeaux.com\/blog\/7-idees-geniales-pour-feter-sa-premiere-fete-des-meres\/\"},\"author\":{\"name\":\"Emilien\",\"@id\":\"https:\/\/www.cadeaux.com\/blog\/#\/schema\/person\/6915e0ea5416553441815db4ab50830f\"},\"headline\":\"7 id\u00e9es g\u00e9niales pour c\u00e9l\u00e9brer sa premi\u00e8re f\u00eate des m\u00e8res en tant que maman !\",\"datePublished\":\"2025-05-02T15:39:59+00:00\",\"dateModified\":\"2025-05-26T08:00:37+00:00\",\"mainEntityOfPage\":{\"@id\":\"https:\/\/www.cadeaux.com\/blog\/7-idees-geniales-pour-feter-sa-premiere-fete-des-meres\/\"},\"wordCount\":1081,\"commentCount\":0,\"publisher\":{\"@id\":\"https:\/\/www.cadeaux.com\/blog\/#organization\"},\"keywords\":[\"F\u00eate des m\u00e8res\",\"Premi\u00e8re F\u00eate des m\u00e8res\"],\"articleSection\":[\"F\u00eate des m\u00e8res\",\"Nos conseils cadeaux\"],\"inLanguage\":\"fr-FR\",\"potentialAction\":[{\"@type\":\"CommentAction\",\"name\":\"Comment\",\"target\":[\"https:\/\/www.cadeaux.com\/blog\/7-idees-geniales-pour-feter-sa-premiere-fete-des-meres\/#respond\"]}]},{\"@type\":\"WebPage\",\"@id\":\"https:\/\/www.cadeaux.com\/blog\/7-idees-geniales-pour-feter-sa-premiere-fete-des-meres\/\",\"url\":\"https:\/\/www.cadeaux.com\/blog\/7-idees-geniales-pour-feter-sa-premiere-fete-des-meres\/\",\"name\":\"7 id\u00e9es pour f\u00eater sa premi\u00e8re F\u00eate des M\u00e8res | Le Mag de Cadeaux.com\",\"isPartOf\":{\"@id\":\"https:\/\/www.cadeaux.com\/blog\/#website\"},\"datePublished\":\"2025-05-02T15:39:59+00:00\",\"dateModified\":\"2025-05-26T08:00:37+00:00\",\"description\":\"C'est votre toute premi\u00e8re F\u00eate des m\u00e8res ? Voici 7 id\u00e9es g\u00e9niales \u00e0 mettre en oeuvre pour c\u00e9l\u00e9brer ce jour \u00e0 votre gloire !\",\"breadcrumb\":{\"@id\":\"https:\/\/www.cadeaux.com\/blog\/7-idees-geniales-pour-feter-sa-premiere-fete-des-meres\/#breadcrumb\"},\"inLanguage\":\"fr-FR\",\"potentialAction\":[{\"@type\":\"ReadAction\",\"target\":[\"https:\/\/www.cadeaux.com\/blog\/7-idees-geniales-pour-feter-sa-premiere-fete-des-meres\/\"]}]},{\"@type\":\"BreadcrumbList\",\"@id\":\"https:\/\/www.cadeaux.com\/blog\/7-idees-geniales-pour-feter-sa-premiere-fete-des-meres\/#breadcrumb\",\"itemListElement\":[{\"@type\":\"ListItem\",\"position\":1,\"name\":\"Accueil\",\"item\":\"https:\/\/www.cadeaux.com\/blog\/\"},{\"@type\":\"ListItem\",\"position\":2,\"name\":\"7 id\u00e9es g\u00e9niales pour c\u00e9l\u00e9brer sa premi\u00e8re f\u00eate des m\u00e8res en tant que maman !\"}]},{\"@type\":\"WebSite\",\"@id\":\"https:\/\/www.cadeaux.com\/blog\/#website\",\"url\":\"https:\/\/www.cadeaux.com\/blog\/\",\"name\":\"Le Mag de Cadeaux.com\",\"description\":\"\",\"publisher\":{\"@id\":\"https:\/\/www.cadeaux.com\/blog\/#organization\"},\"potentialAction\":[{\"@type\":\"SearchAction\",\"target\":{\"@type\":\"EntryPoint\",\"urlTemplate\":\"https:\/\/www.cadeaux.com\/blog\/?s={search_term_string}\"},\"query-input\":\"required name=search_term_string\"}],\"inLanguage\":\"fr-FR\"},{\"@type\":\"Organization\",\"@id\":\"https:\/\/www.cadeaux.com\/blog\/#organization\",\"name\":\"Cadeaux.com\",\"url\":\"https:\/\/www.cadeaux.com\/blog\/\",\"logo\":{\"@type\":\"ImageObject\",\"inLanguage\":\"fr-FR\",\"@id\":\"https:\/\/www.cadeaux.com\/blog\/#\/schema\/logo\/image\/\",\"url\":\"https:\/\/www.cadeaux.com\/blog\/wp-content\/uploads\/2019\/07\/logo-cadeaux.png\",\"contentUrl\":\"https:\/\/www.cadeaux.com\/blog\/wp-content\/uploads\/2019\/07\/logo-cadeaux.png\",\"width\":587,\"height\":120,\"caption\":\"Cadeaux.com\"},\"image\":{\"@id\":\"https:\/\/www.cadeaux.com\/blog\/#\/schema\/logo\/image\/\"},\"sameAs\":[\"https:\/\/fr-fr.facebook.com\/cadeauxcom\/\",\"https:\/\/www.instagram.com\/cadeaux_com\/\"]},{\"@type\":\"Person\",\"@id\":\"https:\/\/www.cadeaux.com\/blog\/#\/schema\/person\/6915e0ea5416553441815db4ab50830f\",\"name\":\"Emilien\",\"image\":{\"@type\":\"ImageObject\",\"inLanguage\":\"fr-FR\",\"@id\":\"https:\/\/www.cadeaux.com\/blog\/#\/schema\/person\/image\/\",\"url\":\"https:\/\/secure.gravatar.com\/avatar\/9976a6d6f1e0fa731f632c1f9b0acea9?s=96&d=mm&r=g\",\"contentUrl\":\"https:\/\/secure.gravatar.com\/avatar\/9976a6d6f1e0fa731f632c1f9b0acea9?s=96&d=mm&r=g\",\"caption\":\"Emilien\"},\"description\":\"Emilien, Lyonnais depuis toujours et arm\u00e9 de son plus beau sourire, est heureux d'\u00e9laborer et de partager avec vous les meilleurs guides d'achat et conseils cadeaux pour vous aider \u00e0 trouver LE bon cadeau de tous vos \u00e9v\u00e9nements importants. En dehors de \u00e7a, il adore crapahuter dans nos belles r\u00e9gions et s'int\u00e9resse de pr\u00e8s \u00e0 la photographie.\",\"url\":\"https:\/\/www.cadeaux.com\/blog\/author\/emilien\/\"}]}<\/script>\n<!-- \/ Yoast SEO plugin. -->","yoast_head_json":{"title":"7 id\u00e9es pour f\u00eater sa premi\u00e8re F\u00eate des M\u00e8res | Le Mag de Cadeaux.com","description":"C'est votre toute premi\u00e8re F\u00eate des m\u00e8res ? Voici 7 id\u00e9es g\u00e9niales \u00e0 mettre en oeuvre pour c\u00e9l\u00e9brer ce jour \u00e0 votre gloire !","robots":{"index":"index","follow":"follow","max-snippet":"max-snippet:-1","max-image-preview":"max-image-preview:large","max-video-preview":"max-video-preview:-1"},"canonical":"https:\/\/www.cadeaux.com\/blog\/7-idees-geniales-pour-feter-sa-premiere-fete-des-meres\/","og_locale":"fr_FR","og_type":"article","og_title":"7 id\u00e9es pour f\u00eater sa premi\u00e8re F\u00eate des M\u00e8res | Le Mag de Cadeaux.com","og_description":"C'est votre toute premi\u00e8re F\u00eate des m\u00e8res ? Voici 7 id\u00e9es g\u00e9niales \u00e0 mettre en oeuvre pour c\u00e9l\u00e9brer ce jour \u00e0 votre gloire !","og_url":"https:\/\/www.cadeaux.com\/blog\/7-idees-geniales-pour-feter-sa-premiere-fete-des-meres\/","og_site_name":"Le Mag de Cadeaux.com","article_publisher":"https:\/\/fr-fr.facebook.com\/cadeauxcom\/","article_published_time":"2025-05-02T15:39:59+00:00","article_modified_time":"2025-05-26T08:00:37+00:00","og_image":[{"width":2560,"height":1707,"url":"https:\/\/www.cadeaux.com\/blog\/wp-content\/uploads\/2019\/07\/Fotolia_145069812_Subscription_Monthly_XXL-scaled.jpg","type":"image\/jpeg"}],"author":"Emilien","twitter_card":"summary_large_image","twitter_misc":{"\u00c9crit par":"Emilien","Dur\u00e9e de lecture estim\u00e9e":"6 minutes"},"schema":{"@context":"https:\/\/schema.org","@graph":[{"@type":"Article","@id":"https:\/\/www.cadeaux.com\/blog\/7-idees-geniales-pour-feter-sa-premiere-fete-des-meres\/#article","isPartOf":{"@id":"https:\/\/www.cadeaux.com\/blog\/7-idees-geniales-pour-feter-sa-premiere-fete-des-meres\/"},"author":{"name":"Emilien","@id":"https:\/\/www.cadeaux.com\/blog\/#\/schema\/person\/6915e0ea5416553441815db4ab50830f"},"headline":"7 id\u00e9es g\u00e9niales pour c\u00e9l\u00e9brer sa premi\u00e8re f\u00eate des m\u00e8res en tant que maman !","datePublished":"2025-05-02T15:39:59+00:00","dateModified":"2025-05-26T08:00:37+00:00","mainEntityOfPage":{"@id":"https:\/\/www.cadeaux.com\/blog\/7-idees-geniales-pour-feter-sa-premiere-fete-des-meres\/"},"wordCount":1081,"commentCount":0,"publisher":{"@id":"https:\/\/www.cadeaux.com\/blog\/#organization"},"keywords":["F\u00eate des m\u00e8res","Premi\u00e8re F\u00eate des m\u00e8res"],"articleSection":["F\u00eate des m\u00e8res","Nos conseils cadeaux"],"inLanguage":"fr-FR","potentialAction":[{"@type":"CommentAction","name":"Comment","target":["https:\/\/www.cadeaux.com\/blog\/7-idees-geniales-pour-feter-sa-premiere-fete-des-meres\/#respond"]}]},{"@type":"WebPage","@id":"https:\/\/www.cadeaux.com\/blog\/7-idees-geniales-pour-feter-sa-premiere-fete-des-meres\/","url":"https:\/\/www.cadeaux.com\/blog\/7-idees-geniales-pour-feter-sa-premiere-fete-des-meres\/","name":"7 id\u00e9es pour f\u00eater sa premi\u00e8re F\u00eate des M\u00e8res | Le Mag de Cadeaux.com","isPartOf":{"@id":"https:\/\/www.cadeaux.com\/blog\/#website"},"datePublished":"2025-05-02T15:39:59+00:00","dateModified":"2025-05-26T08:00:37+00:00","description":"C'est votre toute premi\u00e8re F\u00eate des m\u00e8res ? Voici 7 id\u00e9es g\u00e9niales \u00e0 mettre en oeuvre pour c\u00e9l\u00e9brer ce jour \u00e0 votre gloire !","breadcrumb":{"@id":"https:\/\/www.cadeaux.com\/blog\/7-idees-geniales-pour-feter-sa-premiere-fete-des-meres\/#breadcrumb"},"inLanguage":"fr-FR","potentialAction":[{"@type":"ReadAction","target":["https:\/\/www.cadeaux.com\/blog\/7-idees-geniales-pour-feter-sa-premiere-fete-des-meres\/"]}]},{"@type":"BreadcrumbList","@id":"https:\/\/www.cadeaux.com\/blog\/7-idees-geniales-pour-feter-sa-premiere-fete-des-meres\/#breadcrumb","itemListElement":[{"@type":"ListItem","position":1,"name":"Accueil","item":"https:\/\/www.cadeaux.com\/blog\/"},{"@type":"ListItem","position":2,"name":"7 id\u00e9es g\u00e9niales pour c\u00e9l\u00e9brer sa premi\u00e8re f\u00eate des m\u00e8res en tant que maman !"}]},{"@type":"WebSite","@id":"https:\/\/www.cadeaux.com\/blog\/#website","url":"https:\/\/www.cadeaux.com\/blog\/","name":"Le Mag de Cadeaux.com","description":"","publisher":{"@id":"https:\/\/www.cadeaux.com\/blog\/#organization"},"potentialAction":[{"@type":"SearchAction","target":{"@type":"EntryPoint","urlTemplate":"https:\/\/www.cadeaux.com\/blog\/?s={search_term_string}"},"query-input":"required name=search_term_string"}],"inLanguage":"fr-FR"},{"@type":"Organization","@id":"https:\/\/www.cadeaux.com\/blog\/#organization","name":"Cadeaux.com","url":"https:\/\/www.cadeaux.com\/blog\/","logo":{"@type":"ImageObject","inLanguage":"fr-FR","@id":"https:\/\/www.cadeaux.com\/blog\/#\/schema\/logo\/image\/","url":"https:\/\/www.cadeaux.com\/blog\/wp-content\/uploads\/2019\/07\/logo-cadeaux.png","contentUrl":"https:\/\/www.cadeaux.com\/blog\/wp-content\/uploads\/2019\/07\/logo-cadeaux.png","width":587,"height":120,"caption":"Cadeaux.com"},"image":{"@id":"https:\/\/www.cadeaux.com\/blog\/#\/schema\/logo\/image\/"},"sameAs":["https:\/\/fr-fr.facebook.com\/cadeauxcom\/","https:\/\/www.instagram.com\/cadeaux_com\/"]},{"@type":"Person","@id":"https:\/\/www.cadeaux.com\/blog\/#\/schema\/person\/6915e0ea5416553441815db4ab50830f","name":"Emilien","image":{"@type":"ImageObject","inLanguage":"fr-FR","@id":"https:\/\/www.cadeaux.com\/blog\/#\/schema\/person\/image\/","url":"https:\/\/secure.gravatar.com\/avatar\/9976a6d6f1e0fa731f632c1f9b0acea9?s=96&d=mm&r=g","contentUrl":"https:\/\/secure.gravatar.com\/avatar\/9976a6d6f1e0fa731f632c1f9b0acea9?s=96&d=mm&r=g","caption":"Emilien"},"description":"Emilien, Lyonnais depuis toujours et arm\u00e9 de son plus beau sourire, est heureux d'\u00e9laborer et de partager avec vous les meilleurs guides d'achat et conseils cadeaux pour vous aider \u00e0 trouver LE bon cadeau de tous vos \u00e9v\u00e9nements importants. En dehors de \u00e7a, il adore crapahuter dans nos belles r\u00e9gions et s'int\u00e9resse de pr\u00e8s \u00e0 la photographie.","url":"https:\/\/www.cadeaux.com\/blog\/author\/emilien\/"}]}},"_links":{"self":[{"href":"https:\/\/www.cadeaux.com\/blog\/wp-json\/wp\/v2\/posts\/762"}],"collection":[{"href":"https:\/\/www.cadeaux.com\/blog\/wp-json\/wp\/v2\/posts"}],"about":[{"href":"https:\/\/www.cadeaux.com\/blog\/wp-json\/wp\/v2\/types\/post"}],"author":[{"embeddable":true,"href":"https:\/\/www.cadeaux.com\/blog\/wp-json\/wp\/v2\/users\/7"}],"replies":[{"embeddable":true,"href":"https:\/\/www.cadeaux.com\/blog\/wp-json\/wp\/v2\/comments?post=762"}],"version-history":[{"count":24,"href":"https:\/\/www.cadeaux.com\/blog\/wp-json\/wp\/v2\/posts\/762\/revisions"}],"predecessor-version":[{"id":79713,"href":"https:\/\/www.cadeaux.com\/blog\/wp-json\/wp\/v2\/posts\/762\/revisions\/79713"}],"wp:featuredmedia":[{"embeddable":true,"href":"https:\/\/www.cadeaux.com\/blog\/wp-json\/wp\/v2\/media\/763"}],"wp:attachment":[{"href":"https:\/\/www.cadeaux.com\/blog\/wp-json\/wp\/v2\/media?parent=762"}],"wp:term":[{"taxonomy":"category","embeddable":true,"href":"https:\/\/www.cadeaux.com\/blog\/wp-json\/wp\/v2\/categories?post=762"},{"taxonomy":"post_tag","embeddable":true,"href":"https:\/\/www.cadeaux.com\/blog\/wp-json\/wp\/v2\/tags?post=762"}],"curies":[{"name":"wp","href":"https:\/\/api.w.org\/{rel}","templated":true}]}}