{"id":5610,"date":"2025-05-21T12:32:00","date_gmt":"2025-05-21T10:32:00","guid":{"rendered":"https:\/\/www.cadeaux.com\/blog\/?p=5610"},"modified":"2025-05-21T12:32:02","modified_gmt":"2025-05-21T10:32:02","slug":"coffrets-cadeaux-a-offrir-pour-la-fete-des-peres","status":"publish","type":"post","link":"https:\/\/www.cadeaux.com\/blog\/coffrets-cadeaux-a-offrir-pour-la-fete-des-peres\/","title":{"rendered":"9 coffrets cadeaux de caract\u00e8re \u00e0 offrir pour la F\u00eate des p\u00e8res"},"content":{"rendered":"<p>Soyons clairs : la f\u00eate des p\u00e8res, c\u2019est cette occasion tant attendue de <strong>montrer \u00e0 nos chers papas \u00e0 quel point ils sont g\u00e9niaux.<\/strong> Mais soyons aussi honn\u00eates, <strong>offrir un cadeau banal et pr\u00e9visible, c\u2019est comme servir de la pur\u00e9e sans sel \u00e0 un gourmet<\/strong>. Pour combler nos papas, il nous faut des cadeaux de caract\u00e8re, des cadeaux qui les surprennent et les font briller de joie. Car un papa, c\u2019est comme un super-h\u00e9ros en costume quotidien, et il m\u00e9rite bien plus qu\u2019une simple paire de chaussettes insipide. Allons au-del\u00e0 de l\u2019ordinaire avec des cadeaux qui leur donneront envie de faire une danse de la victoire avec leurs chaussettes en l\u2019air.\u00a0 <strong>Nos papas m\u00e9ritent des <a href=\"https:\/\/www.cadeaux.com\/cadeau-fete-des-peres?utm_source=blog&amp;utm_medium=organic&amp;utm_campaign=fdp\" target=\"_blank\" rel=\"noreferrer noopener\">cadeaux qui les \u00e9patent<\/a><\/strong>, qui les rendent fiers de nous et qui les font se sentir comme les rois du monde (ou au moins de la maison). Alors ne l\u00e9sinons pas sur les moyens et offrons les cadeaux qui crient \u00ab\u00a0Attention, papa incroyable en approche !\u00a0\u00bb.<\/p>\n\n\n<div class=\"products-container\"><div class=\"product-col\">\n\t\t<span data-obflink-url=\"aHR0cHM6Ly93d3cuY2FkZWF1eC5jb20vdGVlLXNoaXJ0LWhvbW1lLXBlcnNvbm5hbGlzZS1sZS1wYXBhLWxlLXBsdXMtcDIwNzg3L3RlZS1zaGlydC1ob21tZS1wZXJzb25uYWxpc2UtbGUtcGFwYS1sZS1wbHVzLXM\/dXRtX3NvdXJjZT1ibG9nX3Byb2R1Y3RzJnV0bV9tZWRpdW09b3JnYW5pYyZ1dG1fY2FtcGFpZ249MjA3ODdfMjY3MzI=\" target=\"_blank\" title=\"T-Shirt homme personnalis\u00e9 : Papa le plus...\">\n\t\t\t\t\t\t<div class=\"product-card\">\n\t\t\t\t\t\t\t\t\t<div class=\"product-image\"><img width=\"100%\" height=\"100%\" src=\"https:\/\/www.cadeaux.com\/media\/image\/80\/f2\/416c3e0dd87e7d02cd09f72a69ece2b6efee5a0d2e94b1e5d4a9296ffbdc80365.jpg\" class=\"attachment-post-thumbnail size-post-thumbnail wp-post-image lazyautosizes lazyloaded\" \/><\/div>\n\t\t\t\t\t\t\t\t\t<div class=\"product-content\">\n\t\t\t\t\t\t\t\t\t\t<span class=\"product-title\">T-Shirt homme personnalis\u00e9 : Papa le plus...<\/span>\n\t\t\t\t\t\t\t\t\t\t<span class=\"product-info\">d\u00e8s <span class=\"product-price\">29.95 EUR \u20ac<\/span><\/span>\n\t\t\t\t\t\t\t\t\t<\/div>\n\t\t\t\t\t\t<\/div>\n\t\t\t\t\t\t<\/a>\n\t\t\t\t<\/div><div class=\"product-col\">\n\t\t<span data-obflink-url=\"aHR0cHM6Ly93d3cuY2FkZWF1eC5jb20vY29mZnJldC1zb21tZWxpZXItZ3JhdmUtZXQtc2VzLWFjY2Vzc29pcmVzLWRlLXBlcmUtZW4tZmlscy1maWxsZS1wMjA5OS9jb2ZmcmV0LXNvbW1lbGllci1ncmF2ZS1ldC1zZXMtYWNjZXNzb2lyZXMtZGUtcGVyZS1lbi1maWxzLWZpbGxlLWNhaXNzZS1zZXVsZT91dG1fc291cmNlPWJsb2dfcHJvZHVjdHMmdXRtX21lZGl1bT1vcmdhbmljJnV0bV9jYW1wYWlnbj0yMDk5XzE2MTE3\" target=\"_blank\" title=\"Coffret sommelier personnalis\u00e9 - 5 accessoires - De P\u00e8re en Fils \/ Fille\">\n\t\t\t\t\t\t<div class=\"product-card\">\n\t\t\t\t\t\t\t\t\t<div class=\"product-image\"><img width=\"100%\" height=\"100%\" src=\"https:\/\/www.cadeaux.com\/media\/image\/f5\/64\/623fce25c2b82bb4c6558a4f8462089cfbe4126bc01e4621241db749755b4965.jpg\" class=\"attachment-post-thumbnail size-post-thumbnail wp-post-image lazyautosizes lazyloaded\" \/><\/div>\n\t\t\t\t\t\t\t\t\t<div class=\"product-content\">\n\t\t\t\t\t\t\t\t\t\t<span class=\"product-title\">Coffret sommelier personnalis\u00e9 - 5 accessoires - De P\u00e8re en Fils \/ Fille<\/span>\n\t\t\t\t\t\t\t\t\t\t<span class=\"product-info\">d\u00e8s <span class=\"product-price\">29.95 EUR \u20ac<\/span><\/span>\n\t\t\t\t\t\t\t\t\t<\/div>\n\t\t\t\t\t\t<\/div>\n\t\t\t\t\t\t<\/a>\n\t\t\t\t<\/div><div class=\"product-col\">\n\t\t<span data-obflink-url=\"aHR0cHM6Ly93d3cuY2FkZWF1eC5jb20vY2F2ZS1zYXVjaXNzb24tcGVyc29ubmFsaXNlZS1wMTUzNzUvY2F2ZS1zYXVjaXNzb24tcGVyc29ubmFsaXNlZT91dG1fc291cmNlPWJsb2dfcHJvZHVjdHMmdXRtX21lZGl1bT1vcmdhbmljJnV0bV9jYW1wYWlnbj0xNTM3NV8xNjQwNw==\" target=\"_blank\" title=\"Cave \u00e0 saucisson personnalis\u00e9e et son couteau\">\n\t\t\t\t\t\t<div class=\"product-card\">\n\t\t\t\t\t\t\t\t\t<div class=\"product-image\"><img width=\"100%\" height=\"100%\" src=\"https:\/\/www.cadeaux.com\/media\/image\/c4\/73\/4e0bfe5ff4f22f2cbdf8a6a4bdabee1f09163bb8245c0b8d1d952c40be9436121.jpg\" class=\"attachment-post-thumbnail size-post-thumbnail wp-post-image lazyautosizes lazyloaded\" \/><\/div>\n\t\t\t\t\t\t\t\t\t<div class=\"product-content\">\n\t\t\t\t\t\t\t\t\t\t<span class=\"product-title\">Cave \u00e0 saucisson personnalis\u00e9e et son couteau<\/span>\n\t\t\t\t\t\t\t\t\t\t<span class=\"product-info\">d\u00e8s <span class=\"product-price\">29.95 EUR \u20ac<\/span><\/span>\n\t\t\t\t\t\t\t\t\t<\/div>\n\t\t\t\t\t\t<\/div>\n\t\t\t\t\t\t<\/a>\n\t\t\t\t<\/div><div class=\"product-col\">\n\t\t<span data-obflink-url=\"aHR0cHM6Ly93d3cuY2FkZWF1eC5jb20vc2Fjb2NoZS1wZXRhbnF1ZS1wZXJzb25uYWxpc2FibGUtYXZlYy10cmlwbGV0dGUtY29sbGVjdGlvbi1mZXRlLXBlcmVzLXNob3BwaW5nLXAxNTM4OS9zYWNvY2hlLXBldGFucXVlLXBlcnNvbm5hbGlzYWJsZS1hdmVjLXRyaXBsZXR0ZS1jb2xsZWN0aW9uLWZldGUtcGVyZXMtc2Fucy1zaG9wcGluZz91dG1fc291cmNlPWJsb2dfcHJvZHVjdHMmdXRtX21lZGl1bT1vcmdhbmljJnV0bV9jYW1wYWlnbj0xNTM4OV8xNjQyOA==\" target=\"_blank\" title=\"Sacoche de p\u00e9tanque personnalis\u00e9e - Papa Royal\">\n\t\t\t\t\t\t<div class=\"product-card\">\n\t\t\t\t\t\t\t\t\t<div class=\"product-image\"><img width=\"100%\" height=\"100%\" src=\"https:\/\/www.cadeaux.com\/media\/image\/47\/f5\/3b8c88181f0364212890e6b524e01e74cb3599dff2fb4fe5bfb3796aa27d36173.jpg\" class=\"attachment-post-thumbnail size-post-thumbnail wp-post-image lazyautosizes lazyloaded\" \/><\/div>\n\t\t\t\t\t\t\t\t\t<div class=\"product-content\">\n\t\t\t\t\t\t\t\t\t\t<span class=\"product-title\">Sacoche de p\u00e9tanque personnalis\u00e9e - Papa Royal<\/span>\n\t\t\t\t\t\t\t\t\t\t<span class=\"product-info\">d\u00e8s <span class=\"product-price\">19.95 EUR \u20ac<\/span><\/span>\n\t\t\t\t\t\t\t\t\t<\/div>\n\t\t\t\t\t\t<\/div>\n\t\t\t\t\t\t<\/a>\n\t\t\t\t<\/div><\/div>\n\n\n\n<div style=\"height:18px\" aria-hidden=\"true\" class=\"wp-block-spacer\"><\/div>\n\n\n\n<h2 class=\"wp-block-heading\">Style de papa : Le nostalgique<\/h2>\n\n\n\n<h2 class=\"wp-block-heading\">Coffret cadeau : Authentique Journal du Jour de Naissance et son \u00e9crin personnalisable<\/h2>\n\n\n\n<p>Avantages : Pour un papa nostalgique, quoi de mieux que de revivre les moments marquants de sa naissance avec un journal authentique ? Ce cadeau personnalis\u00e9 lui permettra de remonter le temps et de se replonger dans les nouvelles de l\u2019\u00e9poque. De plus, avec son \u00e9crin personnalisable, il pourra le conserver pr\u00e9cieusement en souvenir de cette f\u00eate des p\u00e8res m\u00e9morable.<\/p>\n\n\n<div class=\"wp-block-image is-style-rounded\">\n<figure class=\"aligncenter size-full\"><img fetchpriority=\"high\" decoding=\"async\" width=\"800\" height=\"640\" src=\"https:\/\/www.cadeaux.com\/blog\/wp-content\/uploads\/2023\/05\/journal-naissance.jpg\" alt=\"Un journal du jour de naissance\" class=\"wp-image-14592\" srcset=\"https:\/\/www.cadeaux.com\/blog\/wp-content\/uploads\/2023\/05\/journal-naissance.jpg 800w, https:\/\/www.cadeaux.com\/blog\/wp-content\/uploads\/2023\/05\/journal-naissance-300x240.jpg 300w, https:\/\/www.cadeaux.com\/blog\/wp-content\/uploads\/2023\/05\/journal-naissance-768x614.jpg 768w\" sizes=\"(max-width: 800px) 100vw, 800px\"><\/figure><\/div>\n\n\n<div class=\"wp-block-buttons is-content-justification-center is-layout-flex wp-container-1 wp-block-buttons-is-layout-flex\">\n<div class=\"wp-block-button\"><a class=\"wp-block-button__link has-background wp-element-button\" href=\"https:\/\/www.cadeaux.com\/journal-jour-naissance-p14810?utm_source=blog&amp;utm_medium=organic&amp;utm_campaign=fdp\" style=\"background-color:#e6274d\" target=\"_blank\" rel=\"noreferrer noopener\">Voir le produit<\/a><\/div>\n<\/div>\n\n\n\n<h2 class=\"wp-block-heading\">Style de papa : L\u2019amateur de vin<\/h2>\n\n\n\n<h2 class=\"wp-block-heading\">Coffret Sommelier personnalisable \u2013 Papa Royal<\/h2>\n\n\n\n<p>Avantages : Si votre papa est un amateur de vin, ce coffret sommelier est le cadeau id\u00e9al pour lui. Gr\u00e2ce \u00e0 ses accessoires de qualit\u00e9, il pourra d\u00e9guster ses vins pr\u00e9f\u00e9r\u00e9s avec \u00e9l\u00e9gance et style. De plus, la gravure personnalis\u00e9e lui rappellera toujours cette f\u00eate des p\u00e8res o\u00f9 il a re\u00e7u ce cadeau unique. Avec la livraison rapide, vous serez assur\u00e9 de lui offrir un cadeau \u00e0 temps pour la c\u00e9l\u00e9bration. L\u2019id\u00e9e d\u2019une box vin pour homme vous s\u00e9duit ? Retrouvez ici tous nos conseils pour <a href=\"https:\/\/www.cadeaux.com\/blog\/8-conseils-pour-offrir-une-bouteille-de-vin-personnalisee\/\" target=\"_blank\" rel=\"noreferrer noopener\">la personnaliser<\/a> et m\u00eame <a href=\"https:\/\/www.cadeaux.com\/blog\/diy-sous-verres-fete-des-peres\/\" target=\"_blank\" rel=\"noreferrer noopener\">cr\u00e9er des sous-verres originaux<\/a>.\u00a0<\/p>\n\n\n<div class=\"wp-block-image is-style-rounded\">\n<figure class=\"aligncenter size-full\"><img decoding=\"async\" width=\"800\" height=\"640\" src=\"https:\/\/www.cadeaux.com\/blog\/wp-content\/uploads\/2023\/05\/coffret-sommelier-papa.jpg\" alt=\"Un coffret sommelier personnalis\u00e9 bonne f\u00eate papa\" class=\"wp-image-14593\" srcset=\"https:\/\/www.cadeaux.com\/blog\/wp-content\/uploads\/2023\/05\/coffret-sommelier-papa.jpg 800w, https:\/\/www.cadeaux.com\/blog\/wp-content\/uploads\/2023\/05\/coffret-sommelier-papa-300x240.jpg 300w, https:\/\/www.cadeaux.com\/blog\/wp-content\/uploads\/2023\/05\/coffret-sommelier-papa-768x614.jpg 768w\" sizes=\"(max-width: 800px) 100vw, 800px\"><\/figure><\/div>\n\n\n<div class=\"wp-block-buttons is-content-justification-center is-layout-flex wp-container-2 wp-block-buttons-is-layout-flex\">\n<div class=\"wp-block-button\"><a class=\"wp-block-button__link has-background wp-element-button\" href=\"https:\/\/www.cadeaux.com\/coffret-sommelier-personnalisable-collection-fete-peres-p1471?utm_source=blog&amp;utm_medium=organic&amp;utm_campaign=fdp\" style=\"background-color:#e6274d\" target=\"_blank\" rel=\"noreferrer noopener\">Voir le produit<\/a><\/div>\n<\/div>\n\n\n\n<h2 class=\"wp-block-heading\">Style de papa : Le chef cuisinier<\/h2>\n\n\n\n<h2 class=\"wp-block-heading\">Coffret cadeau : Grand coffret d\u2019\u00e9pices grav\u00e9 \u00ab Les bonnes \u00e9pices de \u00bb \u2013 36 \u00e9pices du monde<\/h2>\n\n\n\n<p>Avantages : Si votre papa est un v\u00e9ritable chef cuisinier, ce coffret d\u2019\u00e9pices est fait pour lui. Avec ses 36 \u00e9pices du monde entier, il pourra exp\u00e9rimenter de nouvelles saveurs et \u00e9picer ses plats avec cr\u00e9ativit\u00e9. La gravure personnalis\u00e9e ajoute une touche sp\u00e9ciale \u00e0 ce cadeau, et les id\u00e9es de recettes incluses lui donneront encore plus d\u2019inspiration pour impressionner toute la famille lors de la prochaine f\u00eate.<\/p>\n\n\n<div class=\"wp-block-image is-style-rounded\">\n<figure class=\"aligncenter size-full\"><img decoding=\"async\" width=\"800\" height=\"640\" src=\"https:\/\/www.cadeaux.com\/blog\/wp-content\/uploads\/2023\/05\/coffret-epices.jpg\" alt=\"Un coffret d'\u00e9pices personnalis\u00e9\" class=\"wp-image-14594\" srcset=\"https:\/\/www.cadeaux.com\/blog\/wp-content\/uploads\/2023\/05\/coffret-epices.jpg 800w, https:\/\/www.cadeaux.com\/blog\/wp-content\/uploads\/2023\/05\/coffret-epices-300x240.jpg 300w, https:\/\/www.cadeaux.com\/blog\/wp-content\/uploads\/2023\/05\/coffret-epices-768x614.jpg 768w\" sizes=\"(max-width: 800px) 100vw, 800px\"><\/figure><\/div>\n\n\n<div class=\"wp-block-buttons is-content-justification-center is-layout-flex wp-container-3 wp-block-buttons-is-layout-flex\">\n<div class=\"wp-block-button\"><a class=\"wp-block-button__link has-background wp-element-button\" href=\"https:\/\/www.cadeaux.com\/grand-coffret-les-bonnes-epices-p1361?utm_source=blog&amp;utm_medium=organic&amp;utm_campaign=fdp\" style=\"background-color:#e6274d\" target=\"_blank\" rel=\"noreferrer noopener\">Voir le produit<\/a><\/div>\n<\/div>\n\n\n\n<h2 class=\"wp-block-heading\">Style de papa : L\u2019amoureux du th\u00e9<\/h2>\n\n\n\n<h2 class=\"wp-block-heading\">Coffret cadeau : Bo\u00eete \u00e0 th\u00e9 grav\u00e9e \u2013 Les gourmandises<\/h2>\n\n\n\n<p>Avantages : Pour un papa qui aime savourer une tasse de th\u00e9 relaxante, cette bo\u00eete \u00e0 th\u00e9 grav\u00e9e est un cadeau parfait. Avec son design \u00e9l\u00e9gant et sa gravure personnalis\u00e9e, elle lui permettra de ranger ses th\u00e9s pr\u00e9f\u00e9r\u00e9s avec style. De plus, les diff\u00e9rents ar\u00f4mes de th\u00e9 inclus dans le coffret lui offriront une exp\u00e9rience gustative unique. Avec une livraison rapide, vous pourrez lui offrir ce cadeau \u00e0 temps pour la f\u00eate des p\u00e8res.<\/p>\n\n\n<div class=\"wp-block-image is-style-rounded\">\n<figure class=\"aligncenter size-full\"><img loading=\"lazy\" decoding=\"async\" width=\"800\" height=\"640\" src=\"https:\/\/www.cadeaux.com\/blog\/wp-content\/uploads\/2023\/05\/boite-a-the.jpg\" alt=\"Une bo\u00eete \u00e0 th\u00e9 personnalis\u00e9e\" class=\"wp-image-14595\" srcset=\"https:\/\/www.cadeaux.com\/blog\/wp-content\/uploads\/2023\/05\/boite-a-the.jpg 800w, https:\/\/www.cadeaux.com\/blog\/wp-content\/uploads\/2023\/05\/boite-a-the-300x240.jpg 300w, https:\/\/www.cadeaux.com\/blog\/wp-content\/uploads\/2023\/05\/boite-a-the-768x614.jpg 768w\" sizes=\"(max-width: 800px) 100vw, 800px\"><\/figure><\/div>\n\n\n<div class=\"wp-block-buttons is-content-justification-center is-layout-flex wp-container-4 wp-block-buttons-is-layout-flex\">\n<div class=\"wp-block-button\"><a class=\"wp-block-button__link has-background wp-element-button\" href=\"https:\/\/www.cadeaux.com\/boite-the-bois-gravee-p1677?utm_source=blog&amp;utm_medium=organic&amp;utm_campaign=fdp\" style=\"background-color:#e6274d\" target=\"_blank\" rel=\"noreferrer noopener\">Voir le produit<\/a><\/div>\n<\/div>\n\n\n\n<h2 class=\"wp-block-heading\">Style de papa : Le raffin\u00e9<\/h2>\n\n\n\n<h2 class=\"wp-block-heading\">Coffret cadeau : Coffret Montre homme<\/h2>\n\n\n\n<p>Pour un papa raffin\u00e9, ce coffret cadeau est le choix parfait. La montre homme \u00e9l\u00e9gante et de qualit\u00e9 ajoute une touche de sophistication \u00e0 son style. Avec la personnalisation disponible, vous pourrez graver son nom ou un message sp\u00e9cial pour rendre ce cadeau encore plus unique. De plus, avec une livraison rapide, vous serez s\u00fbr de lui offrir un coffret de qualit\u00e9 pour c\u00e9l\u00e9brer la f\u00eate des p\u00e8res.<\/p>\n\n\n<div class=\"wp-block-image is-style-rounded\">\n<figure class=\"aligncenter size-full\"><img loading=\"lazy\" decoding=\"async\" width=\"800\" height=\"640\" src=\"https:\/\/www.cadeaux.com\/blog\/wp-content\/uploads\/2023\/05\/coffret-montre.jpg\" alt=\"Une montre personnalis\u00e9e\" class=\"wp-image-14596\" srcset=\"https:\/\/www.cadeaux.com\/blog\/wp-content\/uploads\/2023\/05\/coffret-montre.jpg 800w, https:\/\/www.cadeaux.com\/blog\/wp-content\/uploads\/2023\/05\/coffret-montre-300x240.jpg 300w, https:\/\/www.cadeaux.com\/blog\/wp-content\/uploads\/2023\/05\/coffret-montre-768x614.jpg 768w\" sizes=\"(max-width: 800px) 100vw, 800px\"><\/figure><\/div>\n\n\n<div class=\"wp-block-buttons is-content-justification-center is-layout-flex wp-container-5 wp-block-buttons-is-layout-flex\">\n<div class=\"wp-block-button\"><a class=\"wp-block-button__link has-background wp-element-button\" href=\"https:\/\/www.cadeaux.com\/cadeau-montre-duo-bleu-blanc-rouge-message-p14605?utm_source=blog&amp;utm_medium=organic&amp;utm_campaign=fdp\" style=\"background-color:#e6274d\" target=\"_blank\" rel=\"noreferrer noopener\">Voir le produit<\/a><\/div>\n<\/div>\n\n\n\n<h2 class=\"wp-block-heading\">Style de papa : L\u2019amateur de gadgets<\/h2>\n\n\n\n<h2 class=\"wp-block-heading\">Coffret cadeau : Ensemble d\u2019accessoires High-Tech \u2013 Pour les papas modernes<\/h2>\n\n\n\n<p>Si votre papa est un amateur de gadgets, cet ensemble d\u2019accessoires high-tech est un cadeau qui le comblera de joie. Avec une enceinte Bluetooth portable, une batterie externe et des \u00e9couteurs sans fil, il aura tout ce qu\u2019il faut pour rester connect\u00e9 et profiter de sa musique pr\u00e9f\u00e9r\u00e9e o\u00f9 qu\u2019il soit. De plus, la personnalisation ajoutera une touche personnelle \u00e0 ce cadeau technologique. Avec la livraison rapide, vous serez s\u00fbr de lui offrir un cadeau \u00e0 la pointe de la technologie pour la f\u00eate des p\u00e8res.<\/p>\n\n\n<div class=\"products-container\"><div class=\"product-col\">\n\t\t<span data-obflink-url=\"aHR0cHM6Ly93d3cuY2FkZWF1eC5jb20vdGVlLXNoaXJ0LWhvbW1lLXBlcnNvbm5hbGlzZS1sZS1wYXBhLWxlLXBsdXMtcDIwNzg3L3RlZS1zaGlydC1ob21tZS1wZXJzb25uYWxpc2UtbGUtcGFwYS1sZS1wbHVzLXM\/dXRtX3NvdXJjZT1ibG9nX3Byb2R1Y3RzJnV0bV9tZWRpdW09b3JnYW5pYyZ1dG1fY2FtcGFpZ249MjA3ODdfMjY3MzI=\" target=\"_blank\" title=\"T-Shirt homme personnalis\u00e9 : Papa le plus...\">\n\t\t\t\t\t\t<div class=\"product-card\">\n\t\t\t\t\t\t\t\t\t<div class=\"product-image\"><img width=\"100%\" height=\"100%\" src=\"https:\/\/www.cadeaux.com\/media\/image\/80\/f2\/416c3e0dd87e7d02cd09f72a69ece2b6efee5a0d2e94b1e5d4a9296ffbdc80365.jpg\" class=\"attachment-post-thumbnail size-post-thumbnail wp-post-image lazyautosizes lazyloaded\" \/><\/div>\n\t\t\t\t\t\t\t\t\t<div class=\"product-content\">\n\t\t\t\t\t\t\t\t\t\t<span class=\"product-title\">T-Shirt homme personnalis\u00e9 : Papa le plus...<\/span>\n\t\t\t\t\t\t\t\t\t\t<span class=\"product-info\">d\u00e8s <span class=\"product-price\">29.95 EUR \u20ac<\/span><\/span>\n\t\t\t\t\t\t\t\t\t<\/div>\n\t\t\t\t\t\t<\/div>\n\t\t\t\t\t\t<\/a>\n\t\t\t\t<\/div><div class=\"product-col\">\n\t\t<span data-obflink-url=\"aHR0cHM6Ly93d3cuY2FkZWF1eC5jb20vY29mZnJldC1zb21tZWxpZXItZ3JhdmUtZXQtc2VzLWFjY2Vzc29pcmVzLWRlLXBlcmUtZW4tZmlscy1maWxsZS1wMjA5OS9jb2ZmcmV0LXNvbW1lbGllci1ncmF2ZS1ldC1zZXMtYWNjZXNzb2lyZXMtZGUtcGVyZS1lbi1maWxzLWZpbGxlLWNhaXNzZS1zZXVsZT91dG1fc291cmNlPWJsb2dfcHJvZHVjdHMmdXRtX21lZGl1bT1vcmdhbmljJnV0bV9jYW1wYWlnbj0yMDk5XzE2MTE3\" target=\"_blank\" title=\"Coffret sommelier personnalis\u00e9 - 5 accessoires - De P\u00e8re en Fils \/ Fille\">\n\t\t\t\t\t\t<div class=\"product-card\">\n\t\t\t\t\t\t\t\t\t<div class=\"product-image\"><img width=\"100%\" height=\"100%\" src=\"https:\/\/www.cadeaux.com\/media\/image\/f5\/64\/623fce25c2b82bb4c6558a4f8462089cfbe4126bc01e4621241db749755b4965.jpg\" class=\"attachment-post-thumbnail size-post-thumbnail wp-post-image lazyautosizes lazyloaded\" \/><\/div>\n\t\t\t\t\t\t\t\t\t<div class=\"product-content\">\n\t\t\t\t\t\t\t\t\t\t<span class=\"product-title\">Coffret sommelier personnalis\u00e9 - 5 accessoires - De P\u00e8re en Fils \/ Fille<\/span>\n\t\t\t\t\t\t\t\t\t\t<span class=\"product-info\">d\u00e8s <span class=\"product-price\">29.95 EUR \u20ac<\/span><\/span>\n\t\t\t\t\t\t\t\t\t<\/div>\n\t\t\t\t\t\t<\/div>\n\t\t\t\t\t\t<\/a>\n\t\t\t\t<\/div><div class=\"product-col\">\n\t\t<span data-obflink-url=\"aHR0cHM6Ly93d3cuY2FkZWF1eC5jb20vY2F2ZS1zYXVjaXNzb24tcGVyc29ubmFsaXNlZS1wMTUzNzUvY2F2ZS1zYXVjaXNzb24tcGVyc29ubmFsaXNlZT91dG1fc291cmNlPWJsb2dfcHJvZHVjdHMmdXRtX21lZGl1bT1vcmdhbmljJnV0bV9jYW1wYWlnbj0xNTM3NV8xNjQwNw==\" target=\"_blank\" title=\"Cave \u00e0 saucisson personnalis\u00e9e et son couteau\">\n\t\t\t\t\t\t<div class=\"product-card\">\n\t\t\t\t\t\t\t\t\t<div class=\"product-image\"><img width=\"100%\" height=\"100%\" src=\"https:\/\/www.cadeaux.com\/media\/image\/c4\/73\/4e0bfe5ff4f22f2cbdf8a6a4bdabee1f09163bb8245c0b8d1d952c40be9436121.jpg\" class=\"attachment-post-thumbnail size-post-thumbnail wp-post-image lazyautosizes lazyloaded\" \/><\/div>\n\t\t\t\t\t\t\t\t\t<div class=\"product-content\">\n\t\t\t\t\t\t\t\t\t\t<span class=\"product-title\">Cave \u00e0 saucisson personnalis\u00e9e et son couteau<\/span>\n\t\t\t\t\t\t\t\t\t\t<span class=\"product-info\">d\u00e8s <span class=\"product-price\">29.95 EUR \u20ac<\/span><\/span>\n\t\t\t\t\t\t\t\t\t<\/div>\n\t\t\t\t\t\t<\/div>\n\t\t\t\t\t\t<\/a>\n\t\t\t\t<\/div><div class=\"product-col\">\n\t\t<span data-obflink-url=\"aHR0cHM6Ly93d3cuY2FkZWF1eC5jb20vc2Fjb2NoZS1wZXRhbnF1ZS1wZXJzb25uYWxpc2FibGUtYXZlYy10cmlwbGV0dGUtY29sbGVjdGlvbi1mZXRlLXBlcmVzLXNob3BwaW5nLXAxNTM4OS9zYWNvY2hlLXBldGFucXVlLXBlcnNvbm5hbGlzYWJsZS1hdmVjLXRyaXBsZXR0ZS1jb2xsZWN0aW9uLWZldGUtcGVyZXMtc2Fucy1zaG9wcGluZz91dG1fc291cmNlPWJsb2dfcHJvZHVjdHMmdXRtX21lZGl1bT1vcmdhbmljJnV0bV9jYW1wYWlnbj0xNTM4OV8xNjQyOA==\" target=\"_blank\" title=\"Sacoche de p\u00e9tanque personnalis\u00e9e - Papa Royal\">\n\t\t\t\t\t\t<div class=\"product-card\">\n\t\t\t\t\t\t\t\t\t<div class=\"product-image\"><img width=\"100%\" height=\"100%\" src=\"https:\/\/www.cadeaux.com\/media\/image\/47\/f5\/3b8c88181f0364212890e6b524e01e74cb3599dff2fb4fe5bfb3796aa27d36173.jpg\" class=\"attachment-post-thumbnail size-post-thumbnail wp-post-image lazyautosizes lazyloaded\" \/><\/div>\n\t\t\t\t\t\t\t\t\t<div class=\"product-content\">\n\t\t\t\t\t\t\t\t\t\t<span class=\"product-title\">Sacoche de p\u00e9tanque personnalis\u00e9e - Papa Royal<\/span>\n\t\t\t\t\t\t\t\t\t\t<span class=\"product-info\">d\u00e8s <span class=\"product-price\">19.95 EUR \u20ac<\/span><\/span>\n\t\t\t\t\t\t\t\t\t<\/div>\n\t\t\t\t\t\t<\/div>\n\t\t\t\t\t\t<\/a>\n\t\t\t\t<\/div><\/div>\n\n\n\n<div style=\"height:18px\" aria-hidden=\"true\" class=\"wp-block-spacer\"><\/div>\n\n\n\n<h2 class=\"wp-block-heading\">Style de papa : Le fan de musique<\/h2>\n\n\n\n<h2 class=\"wp-block-heading\">Coffret cadeau : Enceinte Bluetooth personnalis\u00e9e \u2013 Son puissant, style unique<\/h2>\n\n\n\n<p>Si votre papa est <strong>un fan de musique<\/strong>, cette enceinte Bluetooth personnalis\u00e9e est le cadeau id\u00e9al. Avec son son puissant et son design unique, il pourra profiter de sa musique pr\u00e9f\u00e9r\u00e9e avec une qualit\u00e9 audio exceptionnelle. La personnalisation ajoutera une touche personnelle \u00e0 ce cadeau musical. Avec une livraison rapide, vous serez s\u00fbr de lui offrir un cadeau qui fera vibrer ses oreilles lors de la f\u00eate des p\u00e8res.<\/p>\n\n\n<div class=\"wp-block-image is-style-rounded\">\n<figure class=\"aligncenter size-full\"><img loading=\"lazy\" decoding=\"async\" width=\"800\" height=\"640\" src=\"https:\/\/www.cadeaux.com\/blog\/wp-content\/uploads\/2023\/05\/enceinte-bluetooth.jpg\" alt=\"Une enceinte bluetooth\" class=\"wp-image-14597\" srcset=\"https:\/\/www.cadeaux.com\/blog\/wp-content\/uploads\/2023\/05\/enceinte-bluetooth.jpg 800w, https:\/\/www.cadeaux.com\/blog\/wp-content\/uploads\/2023\/05\/enceinte-bluetooth-300x240.jpg 300w, https:\/\/www.cadeaux.com\/blog\/wp-content\/uploads\/2023\/05\/enceinte-bluetooth-768x614.jpg 768w\" sizes=\"(max-width: 800px) 100vw, 800px\"><\/figure><\/div>\n\n\n<div class=\"wp-block-buttons is-content-justification-center is-layout-flex wp-container-6 wp-block-buttons-is-layout-flex\">\n<div class=\"wp-block-button\"><a class=\"wp-block-button__link has-background wp-element-button\" href=\"https:\/\/www.cadeaux.com\/cadeau-enceinte-portable-message-personnalise-p14724?utm_source=blog&amp;utm_medium=organic&amp;utm_campaign=fdp\" style=\"background-color:#e6274d\" target=\"_blank\" rel=\"noreferrer noopener\">Voir le produit<\/a><\/div>\n<\/div>\n\n\n\n<h2 class=\"wp-block-heading\">Style de Papa \u2013 Le Papa Aventurier\u00a0<\/h2>\n\n\n\n<h2 class=\"wp-block-heading\">Coffret cadeau : rhum Don Papa<\/h2>\n\n\n\n<p>Imaginez votre papa,<strong> l\u2019explorateur des temps modernes, \u00e0 la recherche de tr\u00e9sors cach\u00e9s dans le vaste monde du rhum. <\/strong>Eh bien, mes amis, le coffret Don Papa est fait pour lui ! Avec ce cadeau envo\u00fbtant, votre papa pourra partir \u00e0 l\u2019aventure gustative, explorant les ar\u00f4mes exotiques de ce rhum d\u2019exception. Chaque gorg\u00e9e sera une escapade sur une \u00eele paradisiaque, o\u00f9 les saveurs se m\u00ealent dans une danse enivrante. Et ne vous \u00e9tonnez pas si vous trouvez votre papa d\u00e9guis\u00e9 en pirate, cherchant un tr\u00e9sor cach\u00e9 dans le jardin. Apr\u00e8s tout, avec Don Papa, l\u2019imagination s\u2019envole et les limites n\u2019existent plus ! D\u00e9couvrez nos plus belles box et <a href=\"https:\/\/www.cadeaux.com\/cadeau-fete-des-peres\/cadeau-fete-des-peres-vins-et-spiritueux?utm_source=blog&amp;utm_medium=organic&amp;utm_campaign=fdp\" target=\"_blank\" rel=\"noreferrer noopener\">coffrets de vins et spiritueux<\/a>.\u00a0<\/p>\n\n\n<div class=\"wp-block-image is-style-rounded\">\n<figure class=\"aligncenter size-full\"><img loading=\"lazy\" decoding=\"async\" width=\"800\" height=\"640\" src=\"https:\/\/www.cadeaux.com\/blog\/wp-content\/uploads\/2023\/05\/rhum-don-papa.jpg\" alt=\"Une bouteille de rhum Don Papa\" class=\"wp-image-14598\" srcset=\"https:\/\/www.cadeaux.com\/blog\/wp-content\/uploads\/2023\/05\/rhum-don-papa.jpg 800w, https:\/\/www.cadeaux.com\/blog\/wp-content\/uploads\/2023\/05\/rhum-don-papa-300x240.jpg 300w, https:\/\/www.cadeaux.com\/blog\/wp-content\/uploads\/2023\/05\/rhum-don-papa-768x614.jpg 768w\" sizes=\"(max-width: 800px) 100vw, 800px\"><\/figure><\/div>\n\n\n<div class=\"wp-block-buttons is-content-justification-center is-layout-flex wp-container-7 wp-block-buttons-is-layout-flex\">\n<div class=\"wp-block-button\"><a class=\"wp-block-button__link has-background wp-element-button\" href=\"https:\/\/www.cadeaux.com\/rhum-don-papa-p1775?utm_source=blog&amp;utm_medium=organic&amp;utm_campaign=fdp\" style=\"background-color:#e6274d\" target=\"_blank\" rel=\"noreferrer noopener\">Voir le produit<\/a><\/div>\n<\/div>\n\n\n\n<h2 class=\"wp-block-heading\">Style de Papa \u2013 Le Papa Coquin\u00a0<\/h2>\n\n\n\n<h2 class=\"wp-block-heading\">Box fl\u00fbtes coquines\u00a0<\/h2>\n\n\n\n<p><strong>Ah, le Papa Coquin, toujours pr\u00eat \u00e0 faire des blagues et \u00e0 \u00e9gayer l\u2019atmosph\u00e8re !<\/strong> Pour lui, les fl\u00fbtes coquines sont le cadeau id\u00e9al. Ces verres \u00e0 champagne insolents ajouteront une touche de fantaisie \u00e0 ses moments de c\u00e9l\u00e9bration (voir aussi <a href=\"https:\/\/www.cadeaux.com\/cadeau-fete-des-peres\/cadeau-fete-des-peres-verres-graves?utm_source=blog&amp;utm_medium=organic&amp;utm_campaign=fdp\" target=\"_blank\" rel=\"noreferrer noopener\">tous nos verres grav\u00e9s<\/a>). Imaginez votre papa, en train de trinquer avec sa moiti\u00e9, un sourire malicieux aux l\u00e8vres, en levant sa fl\u00fbte coquine. Les rires fusent et l\u2019ambiance est l\u00e9g\u00e8re, car avec ces verres, les festivit\u00e9s prennent une tournure p\u00e9tillante et espi\u00e8gle. Attention cependant, votre papa risque de devenir le roi des blagues de mauvais go\u00fbt, utilisant ses fl\u00fbtes coquines pour \u00e9gayer toutes les occasions. Mais apr\u00e8s tout, c\u2019est \u00e7a aussi, l\u2019esprit coquin de la f\u00eate des p\u00e8res !<\/p>\n\n\n\n<p>Quand il s\u2019agit de cadeaux pour nos papas, soyons taquins, audacieux et pr\u00eats \u00e0 leur offrir des surprises qui les feront sourire de toutes leurs dents. Et n\u2019oublions jamais, chers amis, que les cadeaux sont notre fa\u00e7on de leur dire : \u00ab\u00a0Papa, tu es exceptionnel et m\u00e9rites le meilleur, m\u00eame si tu te perds r\u00e9guli\u00e8rement dans ton propre jardin.\u00a0\u00bb D\u00e9couvrez d\u2019ailleurs nos plus<a href=\"https:\/\/www.cadeaux.com\/blog\/tendres-et-beaux-messages-pour-la-fete-des-peres\/\" target=\"_blank\" rel=\"noreferrer noopener\"> tendres messages<\/a> pour homme et nos<strong> <a href=\"https:\/\/www.cadeaux.com\/blog\/9-idees-pour-trouver-quoi-faire-a-la-fete-des-peres\/\" target=\"_blank\" rel=\"noreferrer noopener\">id\u00e9es d\u2019activit\u00e9s<\/a><\/strong> \u00e0 proposer \u00e0 un homme pour la f\u00eate des p\u00e8res.\u00a0<\/p>\n\n\n<div class=\"wp-block-image is-style-rounded\">\n<figure class=\"aligncenter size-full\"><img loading=\"lazy\" decoding=\"async\" width=\"800\" height=\"640\" src=\"https:\/\/www.cadeaux.com\/blog\/wp-content\/uploads\/2023\/05\/flutes-coquines.jpg\" alt=\"Un lot de fl\u00fbtes coquines\" class=\"wp-image-14599\" srcset=\"https:\/\/www.cadeaux.com\/blog\/wp-content\/uploads\/2023\/05\/flutes-coquines.jpg 800w, https:\/\/www.cadeaux.com\/blog\/wp-content\/uploads\/2023\/05\/flutes-coquines-300x240.jpg 300w, https:\/\/www.cadeaux.com\/blog\/wp-content\/uploads\/2023\/05\/flutes-coquines-768x614.jpg 768w\" sizes=\"(max-width: 800px) 100vw, 800px\"><\/figure><\/div>\n\n\n<div class=\"wp-block-buttons is-content-justification-center is-layout-flex wp-container-8 wp-block-buttons-is-layout-flex\">\n<div class=\"wp-block-button\"><a class=\"wp-block-button__link has-background wp-element-button\" href=\"https:\/\/www.cadeaux.com\/pack-soiree-coquine-duo-flutes-a-champagne-personnalisable-poker-kamasutra-p1758?utm_source=blog&amp;utm_medium=organic&amp;utm_campaign=fdp\" style=\"background-color:#e6274d\" target=\"_blank\" rel=\"noreferrer noopener\">Voir le produit<\/a><\/div>\n<\/div>\n\n\n<div class=\"products-container\"><div class=\"product-col\">\n\t\t<span data-obflink-url=\"aHR0cHM6Ly93d3cuY2FkZWF1eC5jb20vdGVlLXNoaXJ0LWhvbW1lLXBlcnNvbm5hbGlzZS1sZS1wYXBhLWxlLXBsdXMtcDIwNzg3L3RlZS1zaGlydC1ob21tZS1wZXJzb25uYWxpc2UtbGUtcGFwYS1sZS1wbHVzLXM\/dXRtX3NvdXJjZT1ibG9nX3Byb2R1Y3RzJnV0bV9tZWRpdW09b3JnYW5pYyZ1dG1fY2FtcGFpZ249MjA3ODdfMjY3MzI=\" target=\"_blank\" title=\"T-Shirt homme personnalis\u00e9 : Papa le plus...\">\n\t\t\t\t\t\t<div class=\"product-card\">\n\t\t\t\t\t\t\t\t\t<div class=\"product-image\"><img width=\"100%\" height=\"100%\" src=\"https:\/\/www.cadeaux.com\/media\/image\/80\/f2\/416c3e0dd87e7d02cd09f72a69ece2b6efee5a0d2e94b1e5d4a9296ffbdc80365.jpg\" class=\"attachment-post-thumbnail size-post-thumbnail wp-post-image lazyautosizes lazyloaded\" \/><\/div>\n\t\t\t\t\t\t\t\t\t<div class=\"product-content\">\n\t\t\t\t\t\t\t\t\t\t<span class=\"product-title\">T-Shirt homme personnalis\u00e9 : Papa le plus...<\/span>\n\t\t\t\t\t\t\t\t\t\t<span class=\"product-info\">d\u00e8s <span class=\"product-price\">29.95 EUR \u20ac<\/span><\/span>\n\t\t\t\t\t\t\t\t\t<\/div>\n\t\t\t\t\t\t<\/div>\n\t\t\t\t\t\t<\/a>\n\t\t\t\t<\/div><div class=\"product-col\">\n\t\t<span data-obflink-url=\"aHR0cHM6Ly93d3cuY2FkZWF1eC5jb20vY29mZnJldC1zb21tZWxpZXItZ3JhdmUtZXQtc2VzLWFjY2Vzc29pcmVzLWRlLXBlcmUtZW4tZmlscy1maWxsZS1wMjA5OS9jb2ZmcmV0LXNvbW1lbGllci1ncmF2ZS1ldC1zZXMtYWNjZXNzb2lyZXMtZGUtcGVyZS1lbi1maWxzLWZpbGxlLWNhaXNzZS1zZXVsZT91dG1fc291cmNlPWJsb2dfcHJvZHVjdHMmdXRtX21lZGl1bT1vcmdhbmljJnV0bV9jYW1wYWlnbj0yMDk5XzE2MTE3\" target=\"_blank\" title=\"Coffret sommelier personnalis\u00e9 - 5 accessoires - De P\u00e8re en Fils \/ Fille\">\n\t\t\t\t\t\t<div class=\"product-card\">\n\t\t\t\t\t\t\t\t\t<div class=\"product-image\"><img width=\"100%\" height=\"100%\" src=\"https:\/\/www.cadeaux.com\/media\/image\/f5\/64\/623fce25c2b82bb4c6558a4f8462089cfbe4126bc01e4621241db749755b4965.jpg\" class=\"attachment-post-thumbnail size-post-thumbnail wp-post-image lazyautosizes lazyloaded\" \/><\/div>\n\t\t\t\t\t\t\t\t\t<div class=\"product-content\">\n\t\t\t\t\t\t\t\t\t\t<span class=\"product-title\">Coffret sommelier personnalis\u00e9 - 5 accessoires - De P\u00e8re en Fils \/ Fille<\/span>\n\t\t\t\t\t\t\t\t\t\t<span class=\"product-info\">d\u00e8s <span class=\"product-price\">29.95 EUR \u20ac<\/span><\/span>\n\t\t\t\t\t\t\t\t\t<\/div>\n\t\t\t\t\t\t<\/div>\n\t\t\t\t\t\t<\/a>\n\t\t\t\t<\/div><div class=\"product-col\">\n\t\t<span data-obflink-url=\"aHR0cHM6Ly93d3cuY2FkZWF1eC5jb20vY2F2ZS1zYXVjaXNzb24tcGVyc29ubmFsaXNlZS1wMTUzNzUvY2F2ZS1zYXVjaXNzb24tcGVyc29ubmFsaXNlZT91dG1fc291cmNlPWJsb2dfcHJvZHVjdHMmdXRtX21lZGl1bT1vcmdhbmljJnV0bV9jYW1wYWlnbj0xNTM3NV8xNjQwNw==\" target=\"_blank\" title=\"Cave \u00e0 saucisson personnalis\u00e9e et son couteau\">\n\t\t\t\t\t\t<div class=\"product-card\">\n\t\t\t\t\t\t\t\t\t<div class=\"product-image\"><img width=\"100%\" height=\"100%\" src=\"https:\/\/www.cadeaux.com\/media\/image\/c4\/73\/4e0bfe5ff4f22f2cbdf8a6a4bdabee1f09163bb8245c0b8d1d952c40be9436121.jpg\" class=\"attachment-post-thumbnail size-post-thumbnail wp-post-image lazyautosizes lazyloaded\" \/><\/div>\n\t\t\t\t\t\t\t\t\t<div class=\"product-content\">\n\t\t\t\t\t\t\t\t\t\t<span class=\"product-title\">Cave \u00e0 saucisson personnalis\u00e9e et son couteau<\/span>\n\t\t\t\t\t\t\t\t\t\t<span class=\"product-info\">d\u00e8s <span class=\"product-price\">29.95 EUR \u20ac<\/span><\/span>\n\t\t\t\t\t\t\t\t\t<\/div>\n\t\t\t\t\t\t<\/div>\n\t\t\t\t\t\t<\/a>\n\t\t\t\t<\/div><div class=\"product-col\">\n\t\t<span data-obflink-url=\"aHR0cHM6Ly93d3cuY2FkZWF1eC5jb20vc2Fjb2NoZS1wZXRhbnF1ZS1wZXJzb25uYWxpc2FibGUtYXZlYy10cmlwbGV0dGUtY29sbGVjdGlvbi1mZXRlLXBlcmVzLXNob3BwaW5nLXAxNTM4OS9zYWNvY2hlLXBldGFucXVlLXBlcnNvbm5hbGlzYWJsZS1hdmVjLXRyaXBsZXR0ZS1jb2xsZWN0aW9uLWZldGUtcGVyZXMtc2Fucy1zaG9wcGluZz91dG1fc291cmNlPWJsb2dfcHJvZHVjdHMmdXRtX21lZGl1bT1vcmdhbmljJnV0bV9jYW1wYWlnbj0xNTM4OV8xNjQyOA==\" target=\"_blank\" title=\"Sacoche de p\u00e9tanque personnalis\u00e9e - Papa Royal\">\n\t\t\t\t\t\t<div class=\"product-card\">\n\t\t\t\t\t\t\t\t\t<div class=\"product-image\"><img width=\"100%\" height=\"100%\" src=\"https:\/\/www.cadeaux.com\/media\/image\/47\/f5\/3b8c88181f0364212890e6b524e01e74cb3599dff2fb4fe5bfb3796aa27d36173.jpg\" class=\"attachment-post-thumbnail size-post-thumbnail wp-post-image lazyautosizes lazyloaded\" \/><\/div>\n\t\t\t\t\t\t\t\t\t<div class=\"product-content\">\n\t\t\t\t\t\t\t\t\t\t<span class=\"product-title\">Sacoche de p\u00e9tanque personnalis\u00e9e - Papa Royal<\/span>\n\t\t\t\t\t\t\t\t\t\t<span class=\"product-info\">d\u00e8s <span class=\"product-price\">19.95 EUR \u20ac<\/span><\/span>\n\t\t\t\t\t\t\t\t\t<\/div>\n\t\t\t\t\t\t<\/div>\n\t\t\t\t\t\t<\/a>\n\t\t\t\t<\/div><\/div>\n\n\n\n<div style=\"height:18px\" aria-hidden=\"true\" class=\"wp-block-spacer\"><\/div>\n\n\n\n<div class=\"wp-block-buttons is-content-justification-center is-layout-flex wp-container-9 wp-block-buttons-is-layout-flex\">\n<div class=\"wp-block-button\"><a class=\"wp-block-button__link has-background wp-element-button\" href=\"https:\/\/www.cadeaux.com\/cadeau-fete-des-peres?utm_source=blog&amp;utm_medium=organic&amp;utm_campaign=fdp\" style=\"background-color:#e6274d\" target=\"_blank\" rel=\"noreferrer noopener\">TOUS NOS CADEAUX POUR LA F\u00caTE DES P\u00c8RES<\/a><\/div>\n<\/div>\n\n\n","protected":false},"excerpt":{"rendered":"<p>Soyons clairs : la f\u00eate des p\u00e8res, c&rsquo;est cette occasion tant attendue de montrer \u00e0 nos chers papas \u00e0 quel point ils sont g\u00e9niaux. Mais soyons aussi honn\u00eates, offrir un cadeau banal et pr\u00e9visible, c&rsquo;est comme servir de la pur\u00e9e sans sel \u00e0 un gourmet. Pour combler nos papas, il nous faut des cadeaux de caract\u00e8re, des cadeaux qui les surprennent et les font briller de joie. D\u00e9couvrez notre s\u00e9lection. <\/p>\n","protected":false},"author":7,"featured_media":14607,"comment_status":"open","ping_status":"open","sticky":false,"template":"","format":"standard","meta":{"footnotes":""},"categories":[39,36,35],"tags":[115,33],"acf":[],"yoast_head":"<!-- This site is optimized with the Yoast SEO plugin v21.5 - https:\/\/yoast.com\/wordpress\/plugins\/seo\/ -->\n<title>Coffrets cadeaux pour la f\u00eate des p\u00e8res | Le Mag de Cadeaux.com<\/title>\n<meta name=\"description\" content=\"Il existe des coffrets cadeaux de f\u00eate des p\u00e8res qui correspondent \u00e0 toutes les envies et passions de votre papa. Besoin d&#039;inspiration ? Les voici !\u00a0\" \/>\n<meta name=\"robots\" content=\"index, follow, max-snippet:-1, max-image-preview:large, max-video-preview:-1\" \/>\n<link rel=\"canonical\" href=\"https:\/\/www.cadeaux.com\/blog\/coffrets-cadeaux-a-offrir-pour-la-fete-des-peres\/\" \/>\n<meta property=\"og:locale\" content=\"fr_FR\" \/>\n<meta property=\"og:type\" content=\"article\" \/>\n<meta property=\"og:title\" content=\"Coffrets cadeaux pour la f\u00eate des p\u00e8res | Le Mag de Cadeaux.com\" \/>\n<meta property=\"og:description\" content=\"Il existe des coffrets cadeaux de f\u00eate des p\u00e8res qui correspondent \u00e0 toutes les envies et passions de votre papa. Besoin d&#039;inspiration ? Les voici !\u00a0\" \/>\n<meta property=\"og:url\" content=\"https:\/\/www.cadeaux.com\/blog\/coffrets-cadeaux-a-offrir-pour-la-fete-des-peres\/\" \/>\n<meta property=\"og:site_name\" content=\"Le Mag de Cadeaux.com\" \/>\n<meta property=\"article:publisher\" content=\"https:\/\/fr-fr.facebook.com\/cadeauxcom\/\" \/>\n<meta property=\"article:published_time\" content=\"2025-05-21T10:32:00+00:00\" \/>\n<meta property=\"article:modified_time\" content=\"2025-05-21T10:32:02+00:00\" \/>\n<meta property=\"og:image\" content=\"https:\/\/www.cadeaux.com\/blog\/wp-content\/uploads\/2023\/05\/coffret-cadeau-fete-des-peres.jpg\" \/>\n\t<meta property=\"og:image:width\" content=\"1300\" \/>\n\t<meta property=\"og:image:height\" content=\"867\" \/>\n\t<meta property=\"og:image:type\" content=\"image\/jpeg\" \/>\n<meta name=\"author\" content=\"Emilien\" \/>\n<meta name=\"twitter:card\" content=\"summary_large_image\" \/>\n<meta name=\"twitter:label1\" content=\"\u00c9crit par\" \/>\n\t<meta name=\"twitter:data1\" content=\"Emilien\" \/>\n\t<meta name=\"twitter:label2\" content=\"Dur\u00e9e de lecture estim\u00e9e\" \/>\n\t<meta name=\"twitter:data2\" content=\"8 minutes\" \/>\n<script type=\"application\/ld+json\" class=\"yoast-schema-graph\">{\"@context\":\"https:\/\/schema.org\",\"@graph\":[{\"@type\":\"Article\",\"@id\":\"https:\/\/www.cadeaux.com\/blog\/coffrets-cadeaux-a-offrir-pour-la-fete-des-peres\/#article\",\"isPartOf\":{\"@id\":\"https:\/\/www.cadeaux.com\/blog\/coffrets-cadeaux-a-offrir-pour-la-fete-des-peres\/\"},\"author\":{\"name\":\"Emilien\",\"@id\":\"https:\/\/www.cadeaux.com\/blog\/#\/schema\/person\/6915e0ea5416553441815db4ab50830f\"},\"headline\":\"9 coffrets cadeaux de caract\u00e8re \u00e0 offrir pour la F\u00eate des p\u00e8res\",\"datePublished\":\"2025-05-21T10:32:00+00:00\",\"dateModified\":\"2025-05-21T10:32:02+00:00\",\"mainEntityOfPage\":{\"@id\":\"https:\/\/www.cadeaux.com\/blog\/coffrets-cadeaux-a-offrir-pour-la-fete-des-peres\/\"},\"wordCount\":1270,\"commentCount\":0,\"publisher\":{\"@id\":\"https:\/\/www.cadeaux.com\/blog\/#organization\"},\"keywords\":[\"cadeau original\",\"F\u00eate des p\u00e8res\"],\"articleSection\":[\"F\u00eate des p\u00e8res\",\"Nos conseils cadeaux\",\"Nos guides d'achat\"],\"inLanguage\":\"fr-FR\",\"potentialAction\":[{\"@type\":\"CommentAction\",\"name\":\"Comment\",\"target\":[\"https:\/\/www.cadeaux.com\/blog\/coffrets-cadeaux-a-offrir-pour-la-fete-des-peres\/#respond\"]}]},{\"@type\":\"WebPage\",\"@id\":\"https:\/\/www.cadeaux.com\/blog\/coffrets-cadeaux-a-offrir-pour-la-fete-des-peres\/\",\"url\":\"https:\/\/www.cadeaux.com\/blog\/coffrets-cadeaux-a-offrir-pour-la-fete-des-peres\/\",\"name\":\"Coffrets cadeaux pour la f\u00eate des p\u00e8res | Le Mag de Cadeaux.com\",\"isPartOf\":{\"@id\":\"https:\/\/www.cadeaux.com\/blog\/#website\"},\"datePublished\":\"2025-05-21T10:32:00+00:00\",\"dateModified\":\"2025-05-21T10:32:02+00:00\",\"description\":\"Il existe des coffrets cadeaux de f\u00eate des p\u00e8res qui correspondent \u00e0 toutes les envies et passions de votre papa. Besoin d'inspiration ? Les voici !\u00a0\",\"breadcrumb\":{\"@id\":\"https:\/\/www.cadeaux.com\/blog\/coffrets-cadeaux-a-offrir-pour-la-fete-des-peres\/#breadcrumb\"},\"inLanguage\":\"fr-FR\",\"potentialAction\":[{\"@type\":\"ReadAction\",\"target\":[\"https:\/\/www.cadeaux.com\/blog\/coffrets-cadeaux-a-offrir-pour-la-fete-des-peres\/\"]}]},{\"@type\":\"BreadcrumbList\",\"@id\":\"https:\/\/www.cadeaux.com\/blog\/coffrets-cadeaux-a-offrir-pour-la-fete-des-peres\/#breadcrumb\",\"itemListElement\":[{\"@type\":\"ListItem\",\"position\":1,\"name\":\"Accueil\",\"item\":\"https:\/\/www.cadeaux.com\/blog\/\"},{\"@type\":\"ListItem\",\"position\":2,\"name\":\"9 coffrets cadeaux de caract\u00e8re \u00e0 offrir pour la F\u00eate des p\u00e8res\"}]},{\"@type\":\"WebSite\",\"@id\":\"https:\/\/www.cadeaux.com\/blog\/#website\",\"url\":\"https:\/\/www.cadeaux.com\/blog\/\",\"name\":\"Le Mag de Cadeaux.com\",\"description\":\"\",\"publisher\":{\"@id\":\"https:\/\/www.cadeaux.com\/blog\/#organization\"},\"potentialAction\":[{\"@type\":\"SearchAction\",\"target\":{\"@type\":\"EntryPoint\",\"urlTemplate\":\"https:\/\/www.cadeaux.com\/blog\/?s={search_term_string}\"},\"query-input\":\"required name=search_term_string\"}],\"inLanguage\":\"fr-FR\"},{\"@type\":\"Organization\",\"@id\":\"https:\/\/www.cadeaux.com\/blog\/#organization\",\"name\":\"Cadeaux.com\",\"url\":\"https:\/\/www.cadeaux.com\/blog\/\",\"logo\":{\"@type\":\"ImageObject\",\"inLanguage\":\"fr-FR\",\"@id\":\"https:\/\/www.cadeaux.com\/blog\/#\/schema\/logo\/image\/\",\"url\":\"https:\/\/www.cadeaux.com\/blog\/wp-content\/uploads\/2019\/07\/logo-cadeaux.png\",\"contentUrl\":\"https:\/\/www.cadeaux.com\/blog\/wp-content\/uploads\/2019\/07\/logo-cadeaux.png\",\"width\":587,\"height\":120,\"caption\":\"Cadeaux.com\"},\"image\":{\"@id\":\"https:\/\/www.cadeaux.com\/blog\/#\/schema\/logo\/image\/\"},\"sameAs\":[\"https:\/\/fr-fr.facebook.com\/cadeauxcom\/\",\"https:\/\/www.instagram.com\/cadeaux_com\/\"]},{\"@type\":\"Person\",\"@id\":\"https:\/\/www.cadeaux.com\/blog\/#\/schema\/person\/6915e0ea5416553441815db4ab50830f\",\"name\":\"Emilien\",\"image\":{\"@type\":\"ImageObject\",\"inLanguage\":\"fr-FR\",\"@id\":\"https:\/\/www.cadeaux.com\/blog\/#\/schema\/person\/image\/\",\"url\":\"https:\/\/secure.gravatar.com\/avatar\/9976a6d6f1e0fa731f632c1f9b0acea9?s=96&d=mm&r=g\",\"contentUrl\":\"https:\/\/secure.gravatar.com\/avatar\/9976a6d6f1e0fa731f632c1f9b0acea9?s=96&d=mm&r=g\",\"caption\":\"Emilien\"},\"description\":\"Emilien, Lyonnais depuis toujours et arm\u00e9 de son plus beau sourire, est heureux d'\u00e9laborer et de partager avec vous les meilleurs guides d'achat et conseils cadeaux pour vous aider \u00e0 trouver LE bon cadeau de tous vos \u00e9v\u00e9nements importants. En dehors de \u00e7a, il adore crapahuter dans nos belles r\u00e9gions et s'int\u00e9resse de pr\u00e8s \u00e0 la photographie.\",\"url\":\"https:\/\/www.cadeaux.com\/blog\/author\/emilien\/\"}]}<\/script>\n<!-- \/ Yoast SEO plugin. -->","yoast_head_json":{"title":"Coffrets cadeaux pour la f\u00eate des p\u00e8res | Le Mag de Cadeaux.com","description":"Il existe des coffrets cadeaux de f\u00eate des p\u00e8res qui correspondent \u00e0 toutes les envies et passions de votre papa. Besoin d'inspiration ? Les voici !\u00a0","robots":{"index":"index","follow":"follow","max-snippet":"max-snippet:-1","max-image-preview":"max-image-preview:large","max-video-preview":"max-video-preview:-1"},"canonical":"https:\/\/www.cadeaux.com\/blog\/coffrets-cadeaux-a-offrir-pour-la-fete-des-peres\/","og_locale":"fr_FR","og_type":"article","og_title":"Coffrets cadeaux pour la f\u00eate des p\u00e8res | Le Mag de Cadeaux.com","og_description":"Il existe des coffrets cadeaux de f\u00eate des p\u00e8res qui correspondent \u00e0 toutes les envies et passions de votre papa. Besoin d'inspiration ? Les voici !\u00a0","og_url":"https:\/\/www.cadeaux.com\/blog\/coffrets-cadeaux-a-offrir-pour-la-fete-des-peres\/","og_site_name":"Le Mag de Cadeaux.com","article_publisher":"https:\/\/fr-fr.facebook.com\/cadeauxcom\/","article_published_time":"2025-05-21T10:32:00+00:00","article_modified_time":"2025-05-21T10:32:02+00:00","og_image":[{"width":1300,"height":867,"url":"https:\/\/www.cadeaux.com\/blog\/wp-content\/uploads\/2023\/05\/coffret-cadeau-fete-des-peres.jpg","type":"image\/jpeg"}],"author":"Emilien","twitter_card":"summary_large_image","twitter_misc":{"\u00c9crit par":"Emilien","Dur\u00e9e de lecture estim\u00e9e":"8 minutes"},"schema":{"@context":"https:\/\/schema.org","@graph":[{"@type":"Article","@id":"https:\/\/www.cadeaux.com\/blog\/coffrets-cadeaux-a-offrir-pour-la-fete-des-peres\/#article","isPartOf":{"@id":"https:\/\/www.cadeaux.com\/blog\/coffrets-cadeaux-a-offrir-pour-la-fete-des-peres\/"},"author":{"name":"Emilien","@id":"https:\/\/www.cadeaux.com\/blog\/#\/schema\/person\/6915e0ea5416553441815db4ab50830f"},"headline":"9 coffrets cadeaux de caract\u00e8re \u00e0 offrir pour la F\u00eate des p\u00e8res","datePublished":"2025-05-21T10:32:00+00:00","dateModified":"2025-05-21T10:32:02+00:00","mainEntityOfPage":{"@id":"https:\/\/www.cadeaux.com\/blog\/coffrets-cadeaux-a-offrir-pour-la-fete-des-peres\/"},"wordCount":1270,"commentCount":0,"publisher":{"@id":"https:\/\/www.cadeaux.com\/blog\/#organization"},"keywords":["cadeau original","F\u00eate des p\u00e8res"],"articleSection":["F\u00eate des p\u00e8res","Nos conseils cadeaux","Nos guides d'achat"],"inLanguage":"fr-FR","potentialAction":[{"@type":"CommentAction","name":"Comment","target":["https:\/\/www.cadeaux.com\/blog\/coffrets-cadeaux-a-offrir-pour-la-fete-des-peres\/#respond"]}]},{"@type":"WebPage","@id":"https:\/\/www.cadeaux.com\/blog\/coffrets-cadeaux-a-offrir-pour-la-fete-des-peres\/","url":"https:\/\/www.cadeaux.com\/blog\/coffrets-cadeaux-a-offrir-pour-la-fete-des-peres\/","name":"Coffrets cadeaux pour la f\u00eate des p\u00e8res | Le Mag de Cadeaux.com","isPartOf":{"@id":"https:\/\/www.cadeaux.com\/blog\/#website"},"datePublished":"2025-05-21T10:32:00+00:00","dateModified":"2025-05-21T10:32:02+00:00","description":"Il existe des coffrets cadeaux de f\u00eate des p\u00e8res qui correspondent \u00e0 toutes les envies et passions de votre papa. Besoin d'inspiration ? Les voici !\u00a0","breadcrumb":{"@id":"https:\/\/www.cadeaux.com\/blog\/coffrets-cadeaux-a-offrir-pour-la-fete-des-peres\/#breadcrumb"},"inLanguage":"fr-FR","potentialAction":[{"@type":"ReadAction","target":["https:\/\/www.cadeaux.com\/blog\/coffrets-cadeaux-a-offrir-pour-la-fete-des-peres\/"]}]},{"@type":"BreadcrumbList","@id":"https:\/\/www.cadeaux.com\/blog\/coffrets-cadeaux-a-offrir-pour-la-fete-des-peres\/#breadcrumb","itemListElement":[{"@type":"ListItem","position":1,"name":"Accueil","item":"https:\/\/www.cadeaux.com\/blog\/"},{"@type":"ListItem","position":2,"name":"9 coffrets cadeaux de caract\u00e8re \u00e0 offrir pour la F\u00eate des p\u00e8res"}]},{"@type":"WebSite","@id":"https:\/\/www.cadeaux.com\/blog\/#website","url":"https:\/\/www.cadeaux.com\/blog\/","name":"Le Mag de Cadeaux.com","description":"","publisher":{"@id":"https:\/\/www.cadeaux.com\/blog\/#organization"},"potentialAction":[{"@type":"SearchAction","target":{"@type":"EntryPoint","urlTemplate":"https:\/\/www.cadeaux.com\/blog\/?s={search_term_string}"},"query-input":"required name=search_term_string"}],"inLanguage":"fr-FR"},{"@type":"Organization","@id":"https:\/\/www.cadeaux.com\/blog\/#organization","name":"Cadeaux.com","url":"https:\/\/www.cadeaux.com\/blog\/","logo":{"@type":"ImageObject","inLanguage":"fr-FR","@id":"https:\/\/www.cadeaux.com\/blog\/#\/schema\/logo\/image\/","url":"https:\/\/www.cadeaux.com\/blog\/wp-content\/uploads\/2019\/07\/logo-cadeaux.png","contentUrl":"https:\/\/www.cadeaux.com\/blog\/wp-content\/uploads\/2019\/07\/logo-cadeaux.png","width":587,"height":120,"caption":"Cadeaux.com"},"image":{"@id":"https:\/\/www.cadeaux.com\/blog\/#\/schema\/logo\/image\/"},"sameAs":["https:\/\/fr-fr.facebook.com\/cadeauxcom\/","https:\/\/www.instagram.com\/cadeaux_com\/"]},{"@type":"Person","@id":"https:\/\/www.cadeaux.com\/blog\/#\/schema\/person\/6915e0ea5416553441815db4ab50830f","name":"Emilien","image":{"@type":"ImageObject","inLanguage":"fr-FR","@id":"https:\/\/www.cadeaux.com\/blog\/#\/schema\/person\/image\/","url":"https:\/\/secure.gravatar.com\/avatar\/9976a6d6f1e0fa731f632c1f9b0acea9?s=96&d=mm&r=g","contentUrl":"https:\/\/secure.gravatar.com\/avatar\/9976a6d6f1e0fa731f632c1f9b0acea9?s=96&d=mm&r=g","caption":"Emilien"},"description":"Emilien, Lyonnais depuis toujours et arm\u00e9 de son plus beau sourire, est heureux d'\u00e9laborer et de partager avec vous les meilleurs guides d'achat et conseils cadeaux pour vous aider \u00e0 trouver LE bon cadeau de tous vos \u00e9v\u00e9nements importants. En dehors de \u00e7a, il adore crapahuter dans nos belles r\u00e9gions et s'int\u00e9resse de pr\u00e8s \u00e0 la photographie.","url":"https:\/\/www.cadeaux.com\/blog\/author\/emilien\/"}]}},"_links":{"self":[{"href":"https:\/\/www.cadeaux.com\/blog\/wp-json\/wp\/v2\/posts\/5610"}],"collection":[{"href":"https:\/\/www.cadeaux.com\/blog\/wp-json\/wp\/v2\/posts"}],"about":[{"href":"https:\/\/www.cadeaux.com\/blog\/wp-json\/wp\/v2\/types\/post"}],"author":[{"embeddable":true,"href":"https:\/\/www.cadeaux.com\/blog\/wp-json\/wp\/v2\/users\/7"}],"replies":[{"embeddable":true,"href":"https:\/\/www.cadeaux.com\/blog\/wp-json\/wp\/v2\/comments?post=5610"}],"version-history":[{"count":16,"href":"https:\/\/www.cadeaux.com\/blog\/wp-json\/wp\/v2\/posts\/5610\/revisions"}],"predecessor-version":[{"id":79818,"href":"https:\/\/www.cadeaux.com\/blog\/wp-json\/wp\/v2\/posts\/5610\/revisions\/79818"}],"wp:featuredmedia":[{"embeddable":true,"href":"https:\/\/www.cadeaux.com\/blog\/wp-json\/wp\/v2\/media\/14607"}],"wp:attachment":[{"href":"https:\/\/www.cadeaux.com\/blog\/wp-json\/wp\/v2\/media?parent=5610"}],"wp:term":[{"taxonomy":"category","embeddable":true,"href":"https:\/\/www.cadeaux.com\/blog\/wp-json\/wp\/v2\/categories?post=5610"},{"taxonomy":"post_tag","embeddable":true,"href":"https:\/\/www.cadeaux.com\/blog\/wp-json\/wp\/v2\/tags?post=5610"}],"curies":[{"name":"wp","href":"https:\/\/api.w.org\/{rel}","templated":true}]}}