{"id":2414,"date":"2025-05-26T10:20:03","date_gmt":"2025-05-26T08:20:03","guid":{"rendered":"https:\/\/www.cadeaux.com\/blog\/?p=2414"},"modified":"2025-06-16T10:33:22","modified_gmt":"2025-06-16T08:33:22","slug":"fete-des-peres-tout-savoir-sur-sa-date-et-ses-origines","status":"publish","type":"post","link":"https:\/\/www.cadeaux.com\/blog\/fete-des-peres-tout-savoir-sur-sa-date-et-ses-origines\/","title":{"rendered":"F\u00eate des p\u00e8res : tout savoir sur sa date et ses origines"},"content":{"rendered":"<p>Chaque ann\u00e9e, la m\u00eame question br\u00fblante revient sur toutes les l\u00e8vres (tout du moins celles des mamans, des enfants et des ma\u00eetresses) : <strong>c\u2019est quand la F\u00eate des P\u00e8res ? <\/strong>En effet, pas question d\u2019oublier celui qui a r\u00e9par\u00e9 vos jouets cass\u00e9s, qui vous a appris \u00e0 faire du v\u00e9lo, qui a pass\u00e9 ses week-ends \u00e0 vous cr\u00e9er une v\u00e9ritable chambre de princesse et qui a support\u00e9 sto\u00efquement vos ann\u00e9es d\u2019ado.<\/p>\n\n\n\n<p>Pour tout \u00e7a et pour tout le reste, votre papa m\u00e9rite qu\u2019on lui souhaite la f\u00eate des P\u00e8res en bonne et due forme (tout du moins le jour J). Alors, si vous vous demandez <strong>quand est la f\u00eate des P\u00e8res<\/strong>, pourquoi elle existe et comment elle a vu le jour, on vous dit tout, afin que vous puissiez briller lors du prochain brunch familial.<\/p>\n\n\n\n<div style=\"height:10px\" aria-hidden=\"true\" class=\"wp-block-spacer\"><\/div>\n\n\n<div class=\"products-container\"><div class=\"product-col\">\n\t\t<span data-obflink-url=\"aHR0cHM6Ly93d3cuY2FkZWF1eC5jb20vdmVycmUtYS1wYXN0aXMtcGVyc29ubmFsaXNhYmxlLXByZW5vbS1wMTM4Ny92ZXJyZS1hLXBhc3Rpcy1wZXJzb25uYWxpc2FibGUtcHJlbm9tP3V0bV9zb3VyY2U9YmxvZ19wcm9kdWN0cyZ1dG1fbWVkaXVtPW9yZ2FuaWMmdXRtX2NhbXBhaWduPTEzODdfMTQwNw==\" target=\"_blank\" title=\"Verre \u00e0 Ricard personnalis\u00e9 long - Pr\u00e9nom\">\n\t\t\t\t\t\t<div class=\"product-card\">\n\t\t\t\t\t\t\t\t\t<div class=\"product-image\"><img width=\"100%\" height=\"100%\" src=\"https:\/\/www.cadeaux.com\/media\/image\/84\/e1\/374dbc523edd0799eea4b90aac566f21f6cf167c2d2eb1ded86a8e7292da440.jpg\" class=\"attachment-post-thumbnail size-post-thumbnail wp-post-image lazyautosizes lazyloaded\" \/><\/div>\n\t\t\t\t\t\t\t\t\t<div class=\"product-content\">\n\t\t\t\t\t\t\t\t\t\t<span class=\"product-title\">Verre \u00e0 Ricard personnalis\u00e9 long - Pr\u00e9nom<\/span>\n\t\t\t\t\t\t\t\t\t\t<span class=\"product-info\">d\u00e8s <span class=\"product-price\">19.95 EUR \u20ac<\/span><\/span>\n\t\t\t\t\t\t\t\t\t<\/div>\n\t\t\t\t\t\t<\/div>\n\t\t\t\t\t\t<\/a>\n\t\t\t\t<\/div><div class=\"product-col\">\n\t\t<span data-obflink-url=\"aHR0cHM6Ly93d3cuY2FkZWF1eC5jb20vc2Fjb2NoZS1wZXRhbnF1ZS1wZXJzb25uYWxpc2FibGUtYXZlYy10cmlwbGV0dGUtY29sbGVjdGlvbi1mZXRlLXBlcmVzLXNob3BwaW5nLXAxNTM4OS9zYWNvY2hlLXBldGFucXVlLXBlcnNvbm5hbGlzYWJsZS1hdmVjLXRyaXBsZXR0ZS1jb2xsZWN0aW9uLWZldGUtcGVyZXMtc2Fucy1zaG9wcGluZz91dG1fc291cmNlPWJsb2dfcHJvZHVjdHMmdXRtX21lZGl1bT1vcmdhbmljJnV0bV9jYW1wYWlnbj0xNTM4OV8xNjQyOA==\" target=\"_blank\" title=\"Sacoche de p\u00e9tanque personnalis\u00e9e - Papa Royal\">\n\t\t\t\t\t\t<div class=\"product-card\">\n\t\t\t\t\t\t\t\t\t<div class=\"product-image\"><img width=\"100%\" height=\"100%\" src=\"https:\/\/www.cadeaux.com\/media\/image\/47\/f5\/3b8c88181f0364212890e6b524e01e74cb3599dff2fb4fe5bfb3796aa27d36173.jpg\" class=\"attachment-post-thumbnail size-post-thumbnail wp-post-image lazyautosizes lazyloaded\" \/><\/div>\n\t\t\t\t\t\t\t\t\t<div class=\"product-content\">\n\t\t\t\t\t\t\t\t\t\t<span class=\"product-title\">Sacoche de p\u00e9tanque personnalis\u00e9e - Papa Royal<\/span>\n\t\t\t\t\t\t\t\t\t\t<span class=\"product-info\">d\u00e8s <span class=\"product-price\">19.95 EUR \u20ac<\/span><\/span>\n\t\t\t\t\t\t\t\t\t<\/div>\n\t\t\t\t\t\t<\/div>\n\t\t\t\t\t\t<\/a>\n\t\t\t\t<\/div><div class=\"product-col\">\n\t\t<span data-obflink-url=\"aHR0cHM6Ly93d3cuY2FkZWF1eC5jb20vdmVycmUtd2hpc2t5LXBlcnNvbm5hbGlzZS1wZXJlLWZlY3QtcDQyNTk5L3ZlcnJlLXdoaXNreS1wZXJzb25uYWxpc2UtcGVyZS1mZWN0P3V0bV9zb3VyY2U9YmxvZ19wcm9kdWN0cyZ1dG1fbWVkaXVtPW9yZ2FuaWMmdXRtX2NhbXBhaWduPTQyNTk5Xzg1MjEw\" target=\"_blank\" title=\"Verre \u00e0 whisky personnalis\u00e9 - P\u00e8re-fect\">\n\t\t\t\t\t\t<div class=\"product-card\">\n\t\t\t\t\t\t\t\t\t<div class=\"product-image\"><img width=\"100%\" height=\"100%\" src=\"https:\/\/www.cadeaux.com\/media\/image\/09\/af\/3947f888c7995ac76929e56f825f96084988afefa52fc05abe41a76772e9403705.jpg\" class=\"attachment-post-thumbnail size-post-thumbnail wp-post-image lazyautosizes lazyloaded\" \/><\/div>\n\t\t\t\t\t\t\t\t\t<div class=\"product-content\">\n\t\t\t\t\t\t\t\t\t\t<span class=\"product-title\">Verre \u00e0 whisky personnalis\u00e9 - P\u00e8re-fect<\/span>\n\t\t\t\t\t\t\t\t\t\t<span class=\"product-info\">d\u00e8s <span class=\"product-price\">17.95 EUR \u20ac<\/span><\/span>\n\t\t\t\t\t\t\t\t\t<\/div>\n\t\t\t\t\t\t<\/div>\n\t\t\t\t\t\t<\/a>\n\t\t\t\t<\/div><div class=\"product-col\">\n\t\t<span data-obflink-url=\"aHR0cHM6Ly93d3cuY2FkZWF1eC5jb20vZ3JhbmQtY29mZnJldC1lcGljZXMtYm9ubmVzLXJhaXNvbnMtcGFwYS1mYW1pbHktY2lyY3VzLXA0NDY2L2dyYW5kLWNvZmZyZXQtZXBpY2VzLWJvbm5lcy1yYWlzb25zLXBhcGEtZmFtaWx5LWNpcmN1cz91dG1fc291cmNlPWJsb2dfcHJvZHVjdHMmdXRtX21lZGl1bT1vcmdhbmljJnV0bV9jYW1wYWlnbj00NDY2XzQ2NzQ=\" target=\"_blank\" title=\"Grand coffret d'\u00e9pices grav\u00e9 \u00ab Les bonnes raisons d'\u00eatre Papa \u00bb Family Circus - 36 \u00e9pices du monde\">\n\t\t\t\t\t\t<div class=\"product-card\">\n\t\t\t\t\t\t\t\t\t<div class=\"product-image\"><img width=\"100%\" height=\"100%\" src=\"https:\/\/www.cadeaux.com\/media\/image\/62\/d1\/1c2606a2aa599f7abbd8a85eec739a6f98ecfaecda6ac900c4750da0866c77654.jpg\" class=\"attachment-post-thumbnail size-post-thumbnail wp-post-image lazyautosizes lazyloaded\" \/><\/div>\n\t\t\t\t\t\t\t\t\t<div class=\"product-content\">\n\t\t\t\t\t\t\t\t\t\t<span class=\"product-title\">Grand coffret d'\u00e9pices grav\u00e9 \u00ab Les bonnes raisons d'\u00eatre Papa \u00bb Family Circus - 36 \u00e9pices du monde<\/span>\n\t\t\t\t\t\t\t\t\t\t<span class=\"product-info\">d\u00e8s <span class=\"product-price\">59.95 EUR \u20ac<\/span><\/span>\n\t\t\t\t\t\t\t\t\t<\/div>\n\t\t\t\t\t\t<\/div>\n\t\t\t\t\t\t<\/a>\n\t\t\t\t<\/div><\/div>\n\n\n\n<div style=\"height:10px\" aria-hidden=\"true\" class=\"wp-block-spacer\"><\/div>\n\n\n\n<h2 class=\"wp-block-heading\">C\u2019est quand la F\u00eate des P\u00e8res ?\u00a0<\/h2>\n\n\n\n<h3 class=\"wp-block-heading\">Zoom sur la date de la f\u00eate des P\u00e8res en France<\/h3>\n\n\n\n<p>Au contraire de No\u00ebl ou de la Saint Valentin, la F\u00eate des P\u00e8res n\u2019a pas de date fixe. Mais elle suit toujours le m\u00eame principe de calendrier mobile, exactement comme le <a href=\"https:\/\/www.cadeaux.com\/blog\/fete-des-meres-tout-savoir-sur-sa-date-et-ses-origines\/\">jour de c\u00e9l\u00e9bration de la F\u00eate des M\u00e8res<\/a>. En France, la<strong> date de la F\u00eate des P\u00e8res<\/strong> tombe chaque ann\u00e9e<strong> le troisi\u00e8me dimanche de juin<\/strong>. La <strong>date de la f\u00eate des P\u00e8res 2025<\/strong> sera donc le <strong>dimanche 15 juin<\/strong>. Et si vous souhaitez en savoir plus, nous vous racontons plus loin dans l\u2019article pourquoi cette date a \u00e9t\u00e9 choisie.<\/p>\n\n\n\n<h3 class=\"wp-block-heading\">Quand est la F\u00eate des P\u00e8res ailleurs dans le monde ?<\/h3>\n\n\n\n<p>Si vous avez un papa expat, un mari globe-trotteur ou avec une double nationalit\u00e9, cette info est pour vous. En effet, la <strong>date de la F\u00eate des P\u00e8res<\/strong> change selon les pays :<\/p>\n\n\n\n<ul>\n<li><strong>En Belgique<\/strong> : le <strong>deuxi\u00e8me dimanche de juin<\/strong> (ou le <strong>19 mars<\/strong> dans certaines r\u00e9gions flamandes)<\/li>\n\n\n\n<li><strong>En Espagne et au Portugal<\/strong> : le <strong>19 mars<\/strong>, jour de la Saint-Joseph<\/li>\n\n\n\n<li><strong>Aux \u00c9tats-Unis, au Royaume-Uni et au Canada<\/strong> : comme en France, le <strong>troisi\u00e8me dimanche de juin<\/strong><\/li>\n\n\n\n<li><strong>En Allemagne<\/strong> : ils c\u00e9l\u00e8brent les papas le <strong>jour de l\u2019Ascension<\/strong>, soit le quaranti\u00e8me jour apr\u00e8s P\u00e2ques.<\/li>\n<\/ul>\n\n\n\n<p>Bref, la r\u00e9ponse \u00e0 la question \u00ab\u00a0<strong>c\u2019est quand est la F\u00eate des P\u00e8res ?<\/strong>\u00a0\u00bb d\u00e9pend clairement de votre fuseau horaire, de vos origines et de vos traditions familiales.<\/p>\n\n\n\n<div style=\"height:10px\" aria-hidden=\"true\" class=\"wp-block-spacer\"><\/div>\n\n\n\n<div class=\"txtlireaussi\">Lire aussi<\/div>\n<div class=\"lireaussi\"><a href=\"https:\/\/www.cadeaux.com\/blog\/tendres-et-beaux-messages-pour-la-fete-des-peres\/\">TENDRES PO\u00c8MES ET BEAUX MESSAGES POUR LA F\u00caTE DES P\u00c8RES<\/a><\/div>\n\n\n\n<div style=\"height:10px\" aria-hidden=\"true\" class=\"wp-block-spacer\"><\/div>\n\n\n\n<h2 class=\"wp-block-heading\">Les origines de la F\u00eate des P\u00e8res : une histoire qui vient de loin<\/h2>\n\n\n\n<p>On pourrait croire que cette c\u00e9l\u00e9bration est r\u00e9cente. Faux ! Si <strong>la f\u00eate des P\u00e8res en France<\/strong> a \u00e9t\u00e9 officialis\u00e9e au XX\u1d49 si\u00e8cle, ses racines sont bien plus anciennes, elles remonteraient \u00e0 il y a plus de quinze si\u00e8cles !<\/p>\n\n\n\n<h3 class=\"wp-block-heading\">D\u2019une tradition religieuse\u2026<\/h3>\n\n\n\n<p>\u00c0 l\u2019origine, cette f\u00eate est tr\u00e8s li\u00e9e \u00e0 l\u2019hommage rendu \u00e0 Joseph le Charpentier, p\u00e8re nourricier de J\u00e9sus. C\u2019est le cas, par exemple, chez les coptes d\u2019\u00c9gypte qui lui d\u00e9dient un jour du calendrier : le <strong>20 juillet<\/strong>.<\/p>\n\n\n\n<p>Ensuite, c\u2019est une autre date qui va s\u2019imposer \u00e0 partir du Moyen-\u00c2ge, d\u00e8s le IX\u1d49 si\u00e8cle de notre \u00e8re. C\u2019est logiquement le <strong>jour de la Saint Joseph<\/strong> qui est retenu, soit le <strong>19 mars<\/strong>. Cependant, il faut attendre la fin du XV\u1d49 si\u00e8cle pour que la date du 19 mars soit d\u00e9finitivement fix\u00e9e dans le calendrier de l\u2019\u00c9glise catholique.<\/p>\n\n\n\n<p>Cette date reste d\u2019ailleurs encore aujourd\u2019hui celle de la f\u00eate des P\u00e8res dans des pays \u00e0 forte tradition chr\u00e9tienne comme l\u2019Italie ou l\u2019Espagne. Ce n\u2019est donc pas fortuit si, dans certains pays, la<strong> date de la F\u00eate des P\u00e8res<\/strong> diff\u00e8re compl\u00e8tement de la n\u00f4tre.<\/p>\n\n\n\n<figure class=\"wp-block-image size-full\"><img fetchpriority=\"high\" decoding=\"async\" width=\"800\" height=\"533\" src=\"https:\/\/www.cadeaux.com\/blog\/wp-content\/uploads\/2023\/04\/fete-des-peres-date.jpg\" alt=\"\" class=\"wp-image-13871\" srcset=\"https:\/\/www.cadeaux.com\/blog\/wp-content\/uploads\/2023\/04\/fete-des-peres-date.jpg 800w, https:\/\/www.cadeaux.com\/blog\/wp-content\/uploads\/2023\/04\/fete-des-peres-date-300x200.jpg 300w, https:\/\/www.cadeaux.com\/blog\/wp-content\/uploads\/2023\/04\/fete-des-peres-date-768x512.jpg 768w\" sizes=\"(max-width: 800px) 100vw, 800px\"><\/figure>\n\n\n\n<h3 class=\"wp-block-heading\">\u2026 \u00c0 une id\u00e9e reprise par un fabricant de briquets<\/h3>\n\n\n\n<p>La version moderne et la\u00efque, elle, vient des \u00c9tats-Unis. En 1910, une Am\u00e9ricaine du nom de Sonora Smart Dodd, fille de v\u00e9t\u00e9ran, d\u00e9cide de cr\u00e9er une f\u00eate d\u00e9di\u00e9e aux papas, afin de rendre hommage \u00e0 son p\u00e8re veuf qui avait \u00e9lev\u00e9 seul ses six enfants. Son pasteur accepta de la c\u00e9l\u00e9brer lors du sermon de fin juin et cette date est ensuite rest\u00e9e. Ce n\u2019est donc pas un hasard si <strong>la f\u00eate des P\u00e8res a lieu le troisi\u00e8me dimanche de juin<\/strong>.\u00a0<\/p>\n\n\n\n<div style=\"height:10px\" aria-hidden=\"true\" class=\"wp-block-spacer\"><\/div>\n\n\n\n<div class=\"txtlireaussi\">Lire aussi<\/div>\n<div class=\"lireaussi\"><a href=\"\/blog\/cartes-fete-des-peres-a-imprimer\/\">NOS CARTES F\u00caTE DES P\u00c8RES \u00c0 IMPRIMER GRATUITEMENT<\/a><\/div>\n\n\n\n<div style=\"height:10px\" aria-hidden=\"true\" class=\"wp-block-spacer\"><\/div>\n\n\n\n<p>Mais l\u2019histoire ne s\u2019arr\u00eate pas l\u00e0. En France, l\u2019id\u00e9e s\u00e9duit surtout la marque de briquets Flaminaire, qui lance la f\u00eate en 1950, afin d\u2019encourager les enfants \u00e0 offrir un cadeau \u00e0 leur papa (si possible un briquet, \u00e9videmment). Un brin opportuniste, mais manifestement efficace, puisque l\u2019\u00c9tat fran\u00e7ais officialise la c\u00e9l\u00e9bration deux ans plus tard, soit en 1952, en d\u00e9cr\u00e9tant que ce jour serait d\u00e9sormais d\u00e9di\u00e9 aux \u00ab\u00a0p\u00e8res m\u00e9ritants\u00a0\u00bb. La f\u00eate des M\u00e8res \u00e9tant, \u00e0 cette \u00e9poque, davantage consacr\u00e9e aux \u00ab\u00a0m\u00e8res de familles nombreuses\u00a0\u00bb. Depuis lors, la f\u00eate des P\u00e8res est un rendez-vous annuel incontournable pour les familles.<\/p>\n\n\n\n<div style=\"height:10px\" aria-hidden=\"true\" class=\"wp-block-spacer\"><\/div>\n\n\n<div class=\"products-container\"><div class=\"product-col\">\n\t\t<span data-obflink-url=\"aHR0cHM6Ly93d3cuY2FkZWF1eC5jb20vdmVycmUtYS1wYXN0aXMtcGVyc29ubmFsaXNhYmxlLXByZW5vbS1wMTM4Ny92ZXJyZS1hLXBhc3Rpcy1wZXJzb25uYWxpc2FibGUtcHJlbm9tP3V0bV9zb3VyY2U9YmxvZ19wcm9kdWN0cyZ1dG1fbWVkaXVtPW9yZ2FuaWMmdXRtX2NhbXBhaWduPTEzODdfMTQwNw==\" target=\"_blank\" title=\"Verre \u00e0 Ricard personnalis\u00e9 long - Pr\u00e9nom\">\n\t\t\t\t\t\t<div class=\"product-card\">\n\t\t\t\t\t\t\t\t\t<div class=\"product-image\"><img width=\"100%\" height=\"100%\" src=\"https:\/\/www.cadeaux.com\/media\/image\/84\/e1\/374dbc523edd0799eea4b90aac566f21f6cf167c2d2eb1ded86a8e7292da440.jpg\" class=\"attachment-post-thumbnail size-post-thumbnail wp-post-image lazyautosizes lazyloaded\" \/><\/div>\n\t\t\t\t\t\t\t\t\t<div class=\"product-content\">\n\t\t\t\t\t\t\t\t\t\t<span class=\"product-title\">Verre \u00e0 Ricard personnalis\u00e9 long - Pr\u00e9nom<\/span>\n\t\t\t\t\t\t\t\t\t\t<span class=\"product-info\">d\u00e8s <span class=\"product-price\">19.95 EUR \u20ac<\/span><\/span>\n\t\t\t\t\t\t\t\t\t<\/div>\n\t\t\t\t\t\t<\/div>\n\t\t\t\t\t\t<\/a>\n\t\t\t\t<\/div><div class=\"product-col\">\n\t\t<span data-obflink-url=\"aHR0cHM6Ly93d3cuY2FkZWF1eC5jb20vc2Fjb2NoZS1wZXRhbnF1ZS1wZXJzb25uYWxpc2FibGUtYXZlYy10cmlwbGV0dGUtY29sbGVjdGlvbi1mZXRlLXBlcmVzLXNob3BwaW5nLXAxNTM4OS9zYWNvY2hlLXBldGFucXVlLXBlcnNvbm5hbGlzYWJsZS1hdmVjLXRyaXBsZXR0ZS1jb2xsZWN0aW9uLWZldGUtcGVyZXMtc2Fucy1zaG9wcGluZz91dG1fc291cmNlPWJsb2dfcHJvZHVjdHMmdXRtX21lZGl1bT1vcmdhbmljJnV0bV9jYW1wYWlnbj0xNTM4OV8xNjQyOA==\" target=\"_blank\" title=\"Sacoche de p\u00e9tanque personnalis\u00e9e - Papa Royal\">\n\t\t\t\t\t\t<div class=\"product-card\">\n\t\t\t\t\t\t\t\t\t<div class=\"product-image\"><img width=\"100%\" height=\"100%\" src=\"https:\/\/www.cadeaux.com\/media\/image\/47\/f5\/3b8c88181f0364212890e6b524e01e74cb3599dff2fb4fe5bfb3796aa27d36173.jpg\" class=\"attachment-post-thumbnail size-post-thumbnail wp-post-image lazyautosizes lazyloaded\" \/><\/div>\n\t\t\t\t\t\t\t\t\t<div class=\"product-content\">\n\t\t\t\t\t\t\t\t\t\t<span class=\"product-title\">Sacoche de p\u00e9tanque personnalis\u00e9e - Papa Royal<\/span>\n\t\t\t\t\t\t\t\t\t\t<span class=\"product-info\">d\u00e8s <span class=\"product-price\">19.95 EUR \u20ac<\/span><\/span>\n\t\t\t\t\t\t\t\t\t<\/div>\n\t\t\t\t\t\t<\/div>\n\t\t\t\t\t\t<\/a>\n\t\t\t\t<\/div><div class=\"product-col\">\n\t\t<span data-obflink-url=\"aHR0cHM6Ly93d3cuY2FkZWF1eC5jb20vdmVycmUtd2hpc2t5LXBlcnNvbm5hbGlzZS1wZXJlLWZlY3QtcDQyNTk5L3ZlcnJlLXdoaXNreS1wZXJzb25uYWxpc2UtcGVyZS1mZWN0P3V0bV9zb3VyY2U9YmxvZ19wcm9kdWN0cyZ1dG1fbWVkaXVtPW9yZ2FuaWMmdXRtX2NhbXBhaWduPTQyNTk5Xzg1MjEw\" target=\"_blank\" title=\"Verre \u00e0 whisky personnalis\u00e9 - P\u00e8re-fect\">\n\t\t\t\t\t\t<div class=\"product-card\">\n\t\t\t\t\t\t\t\t\t<div class=\"product-image\"><img width=\"100%\" height=\"100%\" src=\"https:\/\/www.cadeaux.com\/media\/image\/09\/af\/3947f888c7995ac76929e56f825f96084988afefa52fc05abe41a76772e9403705.jpg\" class=\"attachment-post-thumbnail size-post-thumbnail wp-post-image lazyautosizes lazyloaded\" \/><\/div>\n\t\t\t\t\t\t\t\t\t<div class=\"product-content\">\n\t\t\t\t\t\t\t\t\t\t<span class=\"product-title\">Verre \u00e0 whisky personnalis\u00e9 - P\u00e8re-fect<\/span>\n\t\t\t\t\t\t\t\t\t\t<span class=\"product-info\">d\u00e8s <span class=\"product-price\">17.95 EUR \u20ac<\/span><\/span>\n\t\t\t\t\t\t\t\t\t<\/div>\n\t\t\t\t\t\t<\/div>\n\t\t\t\t\t\t<\/a>\n\t\t\t\t<\/div><div class=\"product-col\">\n\t\t<span data-obflink-url=\"aHR0cHM6Ly93d3cuY2FkZWF1eC5jb20vZ3JhbmQtY29mZnJldC1lcGljZXMtYm9ubmVzLXJhaXNvbnMtcGFwYS1mYW1pbHktY2lyY3VzLXA0NDY2L2dyYW5kLWNvZmZyZXQtZXBpY2VzLWJvbm5lcy1yYWlzb25zLXBhcGEtZmFtaWx5LWNpcmN1cz91dG1fc291cmNlPWJsb2dfcHJvZHVjdHMmdXRtX21lZGl1bT1vcmdhbmljJnV0bV9jYW1wYWlnbj00NDY2XzQ2NzQ=\" target=\"_blank\" title=\"Grand coffret d'\u00e9pices grav\u00e9 \u00ab Les bonnes raisons d'\u00eatre Papa \u00bb Family Circus - 36 \u00e9pices du monde\">\n\t\t\t\t\t\t<div class=\"product-card\">\n\t\t\t\t\t\t\t\t\t<div class=\"product-image\"><img width=\"100%\" height=\"100%\" src=\"https:\/\/www.cadeaux.com\/media\/image\/62\/d1\/1c2606a2aa599f7abbd8a85eec739a6f98ecfaecda6ac900c4750da0866c77654.jpg\" class=\"attachment-post-thumbnail size-post-thumbnail wp-post-image lazyautosizes lazyloaded\" \/><\/div>\n\t\t\t\t\t\t\t\t\t<div class=\"product-content\">\n\t\t\t\t\t\t\t\t\t\t<span class=\"product-title\">Grand coffret d'\u00e9pices grav\u00e9 \u00ab Les bonnes raisons d'\u00eatre Papa \u00bb Family Circus - 36 \u00e9pices du monde<\/span>\n\t\t\t\t\t\t\t\t\t\t<span class=\"product-info\">d\u00e8s <span class=\"product-price\">59.95 EUR \u20ac<\/span><\/span>\n\t\t\t\t\t\t\t\t\t<\/div>\n\t\t\t\t\t\t<\/div>\n\t\t\t\t\t\t<\/a>\n\t\t\t\t<\/div><\/div>\n\n\n\n<div style=\"height:5px\" aria-hidden=\"true\" class=\"wp-block-spacer\"><\/div>\n\n\n\n<div class=\"wp-block-buttons is-horizontal is-content-justification-center is-layout-flex wp-container-1 wp-block-buttons-is-layout-flex\">\n<div class=\"wp-block-button\"><a class=\"wp-block-button__link has-background wp-element-button\" href=\"\/cadeau-fete-des-peres?utm_source=blog&amp;utm_medium=organic&amp;utm_campaign=fdp\" style=\"background-color:#e6274d\" target=\"_blank\" rel=\"noreferrer noopener\">Tous nos cadeaux pour la F\u00eate des p\u00e8res<\/a><\/div>\n<\/div>\n\n\n\n<div style=\"height:10px\" aria-hidden=\"true\" class=\"wp-block-spacer\"><\/div>\n\n\n\n<p>Maintenant que vous savez <strong>quand a lieu la f\u00eate des P\u00e8res<\/strong>, nous avons une autre question pour vous : comment direz-vous \u00ab\u00a0papa, je t\u2019aime\u00a0\u00bb cette ann\u00e9e ?\u00a0\u00a0<\/p>\n\n\n\n<div class=\"txtlireaussi\">Vous pourriez aussi aimer\u2026<\/div>\n<div class=\"lireaussi\">\n<ul>\n    <li><a href=\"https:\/\/www.cadeaux.com\/blog\/9-idees-pour-trouver-quoi-faire-a-la-fete-des-peres\/\">9 id\u00e9es d\u2019activit\u00e9s \u00e0 faire \u00e0 la F\u00eate des p\u00e8res<\/a><\/li>\n    <li><a href=\"\/blog\/diy-carte-fete-des-peres\/\">TUTORIEL DIY : COMMENT FABRIQUER UNE JOLIE CARTE DE F\u00caTE DES P\u00c8RES ?<\/a><\/li>\n    <li><a href=\"https:\/\/www.cadeaux.com\/blog\/guide-cadeau-fete-des-peres\/\">Notre guide cadeau complet pour la F\u00eate des p\u00e8res 2023<\/a><\/li>\n<\/ul>\n<\/div>\n\n\n\n<p><\/p>\n\n\n","protected":false},"excerpt":{"rendered":"<p>C\u2019est le moment de f\u00eater nos papas, nos papous, nos papounets ! Pas de jaloux : nous avons rendu hommage \u00e0 nos petites mamans ch\u00e9ries le 4 juin dernier, et comme d\u2019habitude vient imm\u00e9diatement apr\u00e8s la F\u00eate des p\u00e8res qui est d\u00e9di\u00e9e \u00e0 la c\u00e9l\u00e9bration de l\u2019amour paternel. Quand est la F\u00eate des p\u00e8res ? C&rsquo;est tr\u00e8s simple ! Il suffit de se souvenir qu\u2019elle a lieu tous les ans lors du troisi\u00e8me dimanche de juin. Cette ann\u00e9e cela signifie qu\u2019elle aura lieu le dimanche 18 juin 2023.<\/p>\n","protected":false},"author":7,"featured_media":2418,"comment_status":"open","ping_status":"open","sticky":false,"template":"","format":"standard","meta":{"footnotes":""},"categories":[39,36],"tags":[33],"acf":[],"yoast_head":"<!-- This site is optimized with the Yoast SEO plugin v21.5 - https:\/\/yoast.com\/wordpress\/plugins\/seo\/ -->\n<title>F\u00eate des p\u00e8res : tout savoir date et origine | Le Mag de Cadeaux.com<\/title>\n<meta name=\"description\" content=\"Quand est la F\u00eate des p\u00e8res ? Mais d\u2019o\u00f9 vient cette tradition ? Depuis quand c\u00e9l\u00e8bre-t-on les papas ? Des r\u00e9ponses ici, des id\u00e9es et bien plus encore !\" \/>\n<meta name=\"robots\" content=\"index, follow, max-snippet:-1, max-image-preview:large, max-video-preview:-1\" \/>\n<link rel=\"canonical\" href=\"https:\/\/www.cadeaux.com\/blog\/fete-des-peres-tout-savoir-sur-sa-date-et-ses-origines\/\" \/>\n<meta property=\"og:locale\" content=\"fr_FR\" \/>\n<meta property=\"og:type\" content=\"article\" \/>\n<meta property=\"og:title\" content=\"F\u00eate des p\u00e8res : tout savoir date et origine | Le Mag de Cadeaux.com\" \/>\n<meta property=\"og:description\" content=\"Quand est la F\u00eate des p\u00e8res ? Mais d\u2019o\u00f9 vient cette tradition ? Depuis quand c\u00e9l\u00e8bre-t-on les papas ? Des r\u00e9ponses ici, des id\u00e9es et bien plus encore !\" \/>\n<meta property=\"og:url\" content=\"https:\/\/www.cadeaux.com\/blog\/fete-des-peres-tout-savoir-sur-sa-date-et-ses-origines\/\" \/>\n<meta property=\"og:site_name\" content=\"Le Mag de Cadeaux.com\" \/>\n<meta property=\"article:publisher\" content=\"https:\/\/fr-fr.facebook.com\/cadeauxcom\/\" \/>\n<meta property=\"article:published_time\" content=\"2025-05-26T08:20:03+00:00\" \/>\n<meta property=\"article:modified_time\" content=\"2025-06-16T08:33:22+00:00\" \/>\n<meta property=\"og:image\" content=\"https:\/\/www.cadeaux.com\/blog\/wp-content\/uploads\/2020\/06\/AdobeStock_84297964-1.jpeg\" \/>\n\t<meta property=\"og:image:width\" content=\"1500\" \/>\n\t<meta property=\"og:image:height\" content=\"1001\" \/>\n\t<meta property=\"og:image:type\" content=\"image\/jpeg\" \/>\n<meta name=\"author\" content=\"Emilien\" \/>\n<meta name=\"twitter:card\" content=\"summary_large_image\" \/>\n<meta name=\"twitter:label1\" content=\"\u00c9crit par\" \/>\n\t<meta name=\"twitter:data1\" content=\"Emilien\" \/>\n\t<meta name=\"twitter:label2\" content=\"Dur\u00e9e de lecture estim\u00e9e\" \/>\n\t<meta name=\"twitter:data2\" content=\"5 minutes\" \/>\n<script type=\"application\/ld+json\" class=\"yoast-schema-graph\">{\"@context\":\"https:\/\/schema.org\",\"@graph\":[{\"@type\":\"Article\",\"@id\":\"https:\/\/www.cadeaux.com\/blog\/fete-des-peres-tout-savoir-sur-sa-date-et-ses-origines\/#article\",\"isPartOf\":{\"@id\":\"https:\/\/www.cadeaux.com\/blog\/fete-des-peres-tout-savoir-sur-sa-date-et-ses-origines\/\"},\"author\":{\"name\":\"Emilien\",\"@id\":\"https:\/\/www.cadeaux.com\/blog\/#\/schema\/person\/6915e0ea5416553441815db4ab50830f\"},\"headline\":\"F\u00eate des p\u00e8res : tout savoir sur sa date et ses origines\",\"datePublished\":\"2025-05-26T08:20:03+00:00\",\"dateModified\":\"2025-06-16T08:33:22+00:00\",\"mainEntityOfPage\":{\"@id\":\"https:\/\/www.cadeaux.com\/blog\/fete-des-peres-tout-savoir-sur-sa-date-et-ses-origines\/\"},\"wordCount\":988,\"commentCount\":0,\"publisher\":{\"@id\":\"https:\/\/www.cadeaux.com\/blog\/#organization\"},\"keywords\":[\"F\u00eate des p\u00e8res\"],\"articleSection\":[\"F\u00eate des p\u00e8res\",\"Nos conseils cadeaux\"],\"inLanguage\":\"fr-FR\",\"potentialAction\":[{\"@type\":\"CommentAction\",\"name\":\"Comment\",\"target\":[\"https:\/\/www.cadeaux.com\/blog\/fete-des-peres-tout-savoir-sur-sa-date-et-ses-origines\/#respond\"]}]},{\"@type\":\"WebPage\",\"@id\":\"https:\/\/www.cadeaux.com\/blog\/fete-des-peres-tout-savoir-sur-sa-date-et-ses-origines\/\",\"url\":\"https:\/\/www.cadeaux.com\/blog\/fete-des-peres-tout-savoir-sur-sa-date-et-ses-origines\/\",\"name\":\"F\u00eate des p\u00e8res : tout savoir date et origine | Le Mag de Cadeaux.com\",\"isPartOf\":{\"@id\":\"https:\/\/www.cadeaux.com\/blog\/#website\"},\"datePublished\":\"2025-05-26T08:20:03+00:00\",\"dateModified\":\"2025-06-16T08:33:22+00:00\",\"description\":\"Quand est la F\u00eate des p\u00e8res ? Mais d\u2019o\u00f9 vient cette tradition ? Depuis quand c\u00e9l\u00e8bre-t-on les papas ? Des r\u00e9ponses ici, des id\u00e9es et bien plus encore !\",\"breadcrumb\":{\"@id\":\"https:\/\/www.cadeaux.com\/blog\/fete-des-peres-tout-savoir-sur-sa-date-et-ses-origines\/#breadcrumb\"},\"inLanguage\":\"fr-FR\",\"potentialAction\":[{\"@type\":\"ReadAction\",\"target\":[\"https:\/\/www.cadeaux.com\/blog\/fete-des-peres-tout-savoir-sur-sa-date-et-ses-origines\/\"]}]},{\"@type\":\"BreadcrumbList\",\"@id\":\"https:\/\/www.cadeaux.com\/blog\/fete-des-peres-tout-savoir-sur-sa-date-et-ses-origines\/#breadcrumb\",\"itemListElement\":[{\"@type\":\"ListItem\",\"position\":1,\"name\":\"Accueil\",\"item\":\"https:\/\/www.cadeaux.com\/blog\/\"},{\"@type\":\"ListItem\",\"position\":2,\"name\":\"F\u00eate des p\u00e8res : tout savoir sur sa date et ses origines\"}]},{\"@type\":\"WebSite\",\"@id\":\"https:\/\/www.cadeaux.com\/blog\/#website\",\"url\":\"https:\/\/www.cadeaux.com\/blog\/\",\"name\":\"Le Mag de Cadeaux.com\",\"description\":\"\",\"publisher\":{\"@id\":\"https:\/\/www.cadeaux.com\/blog\/#organization\"},\"potentialAction\":[{\"@type\":\"SearchAction\",\"target\":{\"@type\":\"EntryPoint\",\"urlTemplate\":\"https:\/\/www.cadeaux.com\/blog\/?s={search_term_string}\"},\"query-input\":\"required name=search_term_string\"}],\"inLanguage\":\"fr-FR\"},{\"@type\":\"Organization\",\"@id\":\"https:\/\/www.cadeaux.com\/blog\/#organization\",\"name\":\"Cadeaux.com\",\"url\":\"https:\/\/www.cadeaux.com\/blog\/\",\"logo\":{\"@type\":\"ImageObject\",\"inLanguage\":\"fr-FR\",\"@id\":\"https:\/\/www.cadeaux.com\/blog\/#\/schema\/logo\/image\/\",\"url\":\"https:\/\/www.cadeaux.com\/blog\/wp-content\/uploads\/2019\/07\/logo-cadeaux.png\",\"contentUrl\":\"https:\/\/www.cadeaux.com\/blog\/wp-content\/uploads\/2019\/07\/logo-cadeaux.png\",\"width\":587,\"height\":120,\"caption\":\"Cadeaux.com\"},\"image\":{\"@id\":\"https:\/\/www.cadeaux.com\/blog\/#\/schema\/logo\/image\/\"},\"sameAs\":[\"https:\/\/fr-fr.facebook.com\/cadeauxcom\/\",\"https:\/\/www.instagram.com\/cadeaux_com\/\"]},{\"@type\":\"Person\",\"@id\":\"https:\/\/www.cadeaux.com\/blog\/#\/schema\/person\/6915e0ea5416553441815db4ab50830f\",\"name\":\"Emilien\",\"image\":{\"@type\":\"ImageObject\",\"inLanguage\":\"fr-FR\",\"@id\":\"https:\/\/www.cadeaux.com\/blog\/#\/schema\/person\/image\/\",\"url\":\"https:\/\/secure.gravatar.com\/avatar\/9976a6d6f1e0fa731f632c1f9b0acea9?s=96&d=mm&r=g\",\"contentUrl\":\"https:\/\/secure.gravatar.com\/avatar\/9976a6d6f1e0fa731f632c1f9b0acea9?s=96&d=mm&r=g\",\"caption\":\"Emilien\"},\"description\":\"Emilien, Lyonnais depuis toujours et arm\u00e9 de son plus beau sourire, est heureux d'\u00e9laborer et de partager avec vous les meilleurs guides d'achat et conseils cadeaux pour vous aider \u00e0 trouver LE bon cadeau de tous vos \u00e9v\u00e9nements importants. En dehors de \u00e7a, il adore crapahuter dans nos belles r\u00e9gions et s'int\u00e9resse de pr\u00e8s \u00e0 la photographie.\",\"url\":\"https:\/\/www.cadeaux.com\/blog\/author\/emilien\/\"}]}<\/script>\n<!-- \/ Yoast SEO plugin. -->","yoast_head_json":{"title":"F\u00eate des p\u00e8res : tout savoir date et origine | Le Mag de Cadeaux.com","description":"Quand est la F\u00eate des p\u00e8res ? Mais d\u2019o\u00f9 vient cette tradition ? Depuis quand c\u00e9l\u00e8bre-t-on les papas ? Des r\u00e9ponses ici, des id\u00e9es et bien plus encore !","robots":{"index":"index","follow":"follow","max-snippet":"max-snippet:-1","max-image-preview":"max-image-preview:large","max-video-preview":"max-video-preview:-1"},"canonical":"https:\/\/www.cadeaux.com\/blog\/fete-des-peres-tout-savoir-sur-sa-date-et-ses-origines\/","og_locale":"fr_FR","og_type":"article","og_title":"F\u00eate des p\u00e8res : tout savoir date et origine | Le Mag de Cadeaux.com","og_description":"Quand est la F\u00eate des p\u00e8res ? Mais d\u2019o\u00f9 vient cette tradition ? Depuis quand c\u00e9l\u00e8bre-t-on les papas ? Des r\u00e9ponses ici, des id\u00e9es et bien plus encore !","og_url":"https:\/\/www.cadeaux.com\/blog\/fete-des-peres-tout-savoir-sur-sa-date-et-ses-origines\/","og_site_name":"Le Mag de Cadeaux.com","article_publisher":"https:\/\/fr-fr.facebook.com\/cadeauxcom\/","article_published_time":"2025-05-26T08:20:03+00:00","article_modified_time":"2025-06-16T08:33:22+00:00","og_image":[{"width":1500,"height":1001,"url":"https:\/\/www.cadeaux.com\/blog\/wp-content\/uploads\/2020\/06\/AdobeStock_84297964-1.jpeg","type":"image\/jpeg"}],"author":"Emilien","twitter_card":"summary_large_image","twitter_misc":{"\u00c9crit par":"Emilien","Dur\u00e9e de lecture estim\u00e9e":"5 minutes"},"schema":{"@context":"https:\/\/schema.org","@graph":[{"@type":"Article","@id":"https:\/\/www.cadeaux.com\/blog\/fete-des-peres-tout-savoir-sur-sa-date-et-ses-origines\/#article","isPartOf":{"@id":"https:\/\/www.cadeaux.com\/blog\/fete-des-peres-tout-savoir-sur-sa-date-et-ses-origines\/"},"author":{"name":"Emilien","@id":"https:\/\/www.cadeaux.com\/blog\/#\/schema\/person\/6915e0ea5416553441815db4ab50830f"},"headline":"F\u00eate des p\u00e8res : tout savoir sur sa date et ses origines","datePublished":"2025-05-26T08:20:03+00:00","dateModified":"2025-06-16T08:33:22+00:00","mainEntityOfPage":{"@id":"https:\/\/www.cadeaux.com\/blog\/fete-des-peres-tout-savoir-sur-sa-date-et-ses-origines\/"},"wordCount":988,"commentCount":0,"publisher":{"@id":"https:\/\/www.cadeaux.com\/blog\/#organization"},"keywords":["F\u00eate des p\u00e8res"],"articleSection":["F\u00eate des p\u00e8res","Nos conseils cadeaux"],"inLanguage":"fr-FR","potentialAction":[{"@type":"CommentAction","name":"Comment","target":["https:\/\/www.cadeaux.com\/blog\/fete-des-peres-tout-savoir-sur-sa-date-et-ses-origines\/#respond"]}]},{"@type":"WebPage","@id":"https:\/\/www.cadeaux.com\/blog\/fete-des-peres-tout-savoir-sur-sa-date-et-ses-origines\/","url":"https:\/\/www.cadeaux.com\/blog\/fete-des-peres-tout-savoir-sur-sa-date-et-ses-origines\/","name":"F\u00eate des p\u00e8res : tout savoir date et origine | Le Mag de Cadeaux.com","isPartOf":{"@id":"https:\/\/www.cadeaux.com\/blog\/#website"},"datePublished":"2025-05-26T08:20:03+00:00","dateModified":"2025-06-16T08:33:22+00:00","description":"Quand est la F\u00eate des p\u00e8res ? Mais d\u2019o\u00f9 vient cette tradition ? Depuis quand c\u00e9l\u00e8bre-t-on les papas ? Des r\u00e9ponses ici, des id\u00e9es et bien plus encore !","breadcrumb":{"@id":"https:\/\/www.cadeaux.com\/blog\/fete-des-peres-tout-savoir-sur-sa-date-et-ses-origines\/#breadcrumb"},"inLanguage":"fr-FR","potentialAction":[{"@type":"ReadAction","target":["https:\/\/www.cadeaux.com\/blog\/fete-des-peres-tout-savoir-sur-sa-date-et-ses-origines\/"]}]},{"@type":"BreadcrumbList","@id":"https:\/\/www.cadeaux.com\/blog\/fete-des-peres-tout-savoir-sur-sa-date-et-ses-origines\/#breadcrumb","itemListElement":[{"@type":"ListItem","position":1,"name":"Accueil","item":"https:\/\/www.cadeaux.com\/blog\/"},{"@type":"ListItem","position":2,"name":"F\u00eate des p\u00e8res : tout savoir sur sa date et ses origines"}]},{"@type":"WebSite","@id":"https:\/\/www.cadeaux.com\/blog\/#website","url":"https:\/\/www.cadeaux.com\/blog\/","name":"Le Mag de Cadeaux.com","description":"","publisher":{"@id":"https:\/\/www.cadeaux.com\/blog\/#organization"},"potentialAction":[{"@type":"SearchAction","target":{"@type":"EntryPoint","urlTemplate":"https:\/\/www.cadeaux.com\/blog\/?s={search_term_string}"},"query-input":"required name=search_term_string"}],"inLanguage":"fr-FR"},{"@type":"Organization","@id":"https:\/\/www.cadeaux.com\/blog\/#organization","name":"Cadeaux.com","url":"https:\/\/www.cadeaux.com\/blog\/","logo":{"@type":"ImageObject","inLanguage":"fr-FR","@id":"https:\/\/www.cadeaux.com\/blog\/#\/schema\/logo\/image\/","url":"https:\/\/www.cadeaux.com\/blog\/wp-content\/uploads\/2019\/07\/logo-cadeaux.png","contentUrl":"https:\/\/www.cadeaux.com\/blog\/wp-content\/uploads\/2019\/07\/logo-cadeaux.png","width":587,"height":120,"caption":"Cadeaux.com"},"image":{"@id":"https:\/\/www.cadeaux.com\/blog\/#\/schema\/logo\/image\/"},"sameAs":["https:\/\/fr-fr.facebook.com\/cadeauxcom\/","https:\/\/www.instagram.com\/cadeaux_com\/"]},{"@type":"Person","@id":"https:\/\/www.cadeaux.com\/blog\/#\/schema\/person\/6915e0ea5416553441815db4ab50830f","name":"Emilien","image":{"@type":"ImageObject","inLanguage":"fr-FR","@id":"https:\/\/www.cadeaux.com\/blog\/#\/schema\/person\/image\/","url":"https:\/\/secure.gravatar.com\/avatar\/9976a6d6f1e0fa731f632c1f9b0acea9?s=96&d=mm&r=g","contentUrl":"https:\/\/secure.gravatar.com\/avatar\/9976a6d6f1e0fa731f632c1f9b0acea9?s=96&d=mm&r=g","caption":"Emilien"},"description":"Emilien, Lyonnais depuis toujours et arm\u00e9 de son plus beau sourire, est heureux d'\u00e9laborer et de partager avec vous les meilleurs guides d'achat et conseils cadeaux pour vous aider \u00e0 trouver LE bon cadeau de tous vos \u00e9v\u00e9nements importants. En dehors de \u00e7a, il adore crapahuter dans nos belles r\u00e9gions et s'int\u00e9resse de pr\u00e8s \u00e0 la photographie.","url":"https:\/\/www.cadeaux.com\/blog\/author\/emilien\/"}]}},"_links":{"self":[{"href":"https:\/\/www.cadeaux.com\/blog\/wp-json\/wp\/v2\/posts\/2414"}],"collection":[{"href":"https:\/\/www.cadeaux.com\/blog\/wp-json\/wp\/v2\/posts"}],"about":[{"href":"https:\/\/www.cadeaux.com\/blog\/wp-json\/wp\/v2\/types\/post"}],"author":[{"embeddable":true,"href":"https:\/\/www.cadeaux.com\/blog\/wp-json\/wp\/v2\/users\/7"}],"replies":[{"embeddable":true,"href":"https:\/\/www.cadeaux.com\/blog\/wp-json\/wp\/v2\/comments?post=2414"}],"version-history":[{"count":27,"href":"https:\/\/www.cadeaux.com\/blog\/wp-json\/wp\/v2\/posts\/2414\/revisions"}],"predecessor-version":[{"id":79878,"href":"https:\/\/www.cadeaux.com\/blog\/wp-json\/wp\/v2\/posts\/2414\/revisions\/79878"}],"wp:featuredmedia":[{"embeddable":true,"href":"https:\/\/www.cadeaux.com\/blog\/wp-json\/wp\/v2\/media\/2418"}],"wp:attachment":[{"href":"https:\/\/www.cadeaux.com\/blog\/wp-json\/wp\/v2\/media?parent=2414"}],"wp:term":[{"taxonomy":"category","embeddable":true,"href":"https:\/\/www.cadeaux.com\/blog\/wp-json\/wp\/v2\/categories?post=2414"},{"taxonomy":"post_tag","embeddable":true,"href":"https:\/\/www.cadeaux.com\/blog\/wp-json\/wp\/v2\/tags?post=2414"}],"curies":[{"name":"wp","href":"https:\/\/api.w.org\/{rel}","templated":true}]}}