{"id":1834,"date":"2023-10-04T16:17:00","date_gmt":"2023-10-04T14:17:00","guid":{"rendered":"https:\/\/www.cadeaux.com\/blog\/?p=1834"},"modified":"2025-10-14T11:50:07","modified_gmt":"2025-10-14T09:50:07","slug":"la-liste-de-noel-demilien","status":"publish","type":"post","link":"https:\/\/www.cadeaux.com\/blog\/la-liste-de-noel-demilien\/","title":{"rendered":"La liste de No\u00ebl d&rsquo;\u00c9milien"},"content":{"rendered":"<p class=\"has-text-align-center has-background\" style=\"background-color:#f2e5e5\">A l\u2019approche des f\u00eates de fin d\u2019ann\u00e9e, nous avons d\u00e9cid\u00e9 de donner la parole \u00e0 chacun de nos r\u00e9dacteurs et r\u00e9dactrices : ils vous livreront leur <strong>liste de No\u00ebl r\u00eav\u00e9e<\/strong>. Qui sait, s\u00fbrement trouverez-vous \u00e0 votre tour des inspirations et des id\u00e9es de cadeaux \u00e0 offrir pour vos proches !<\/p>\n\n\n\n<p>S\u2019il y a une saison que j\u2019adore dans l\u2019ann\u00e9e, c\u2019est bien No\u00ebl. D\u2019abord parce que cela annonce que l\u2019on va rechausser les skis, mon sport pr\u00e9f\u00e9r\u00e9. Ensuite, comme pour beaucoup, c\u2019est LA f\u00eate pendant laquelle mes parents me g\u00e2taient le plus quand j\u2019\u00e9tais enfant: \u201cPetit gar\u00e7on, il est l\u2019heure d\u2019aller se coucher. Tes yeux se voilent, \u00e9coute les \u00e9toiles, tout est calme, repos\u00e9, entends-tu les clochettes tin-tin-na-bu-ler ?\u201d. Vous vous en souvenez ? C\u2019est inoubliable. D\u00e9sormais, j\u2019ai bien grandi, m\u00eame si je suis un peu moins sage qu\u2019\u00e0 l\u2019\u00e9poque.\u00a0\ud83d\ude09<\/p>\n\n\n\n\n\n\n<div style=\"height:18px\" aria-hidden=\"true\" class=\"wp-block-spacer\"><\/div>\n\n\n\n<p>J\u2019aime toujours autant le moment magique o\u00f9 l\u2019on ouvre les cadeaux, quand les yeux des plus petits se remplissent d\u2019\u00e9merveillement et ceux des plus grands de joie et de bonheur. Je dois dire que j\u2019attends avec une immense impatience le repas de f\u00eate que nous organisons toujours le soir du R\u00e9veillon de No\u00ebl. Et, m\u00eame si j\u2019ai pass\u00e9 l\u2019\u00e2ge d\u2019\u00e9crire au P\u00e8re No\u00ebl, d\u00e9j\u00e0 tr\u00e8s occup\u00e9 en cette saison, quelques cadeaux me feraient particuli\u00e8rement plaisir. Voici une <strong>petite liste de mes essentiels de No\u00ebl<\/strong>, pour nous les hommes.<\/p>\n\n\n\n<div class=\"lireaussi\">\n<div class=\"txtlireaussi\">Lire aussi<\/div>\n<div><a href=\"https:\/\/www.cadeaux.com\/blog\/liste-de-noel-de-jade\/\">LA LISTE DE NO\u00cbL DE JADE<\/a><\/div>\n<div><a href=\"https:\/\/www.cadeaux.com\/blog\/la-liste-de-noel-de-myriam\/\">LA LISTE DE NO\u00cbL DE MYRIAM<\/a><\/div>\n<div><a href=\"https:\/\/www.cadeaux.com\/blog\/c\/conseils-cadeaux\/noel\/\">TOUS NOS CONSEILS CADEAUX DE NO\u00cbL<\/a><\/div>\n<\/div>\n\n\n\n<h2 class=\"wp-block-heading\">Une gourde isotherme <\/h2>\n\n\n\n<p>Si l\u2019on veut me faire un cadeau que j\u2019emporterai partout, au bureau, en randonn\u00e9e photo \u00e0 la montagne comme aux matches de foot avec les potes, ne cherchez pas plus loin : la <strong><a href=\"https:\/\/www.cadeaux.com\/bouteille-en-inox-blanche-personnalisable-message-p1813?utm_source=blog&amp;utm_medium=organic&amp;utm_campaign=noel\" target=\"_blank\" rel=\"noreferrer noopener\">gourde isotherme<\/a> <\/strong>est parfaite. Un objet qui me permettra de tenir ma bonne r\u00e9solution de gaspiller moins de plastique cette ann\u00e9e, facile \u00e0 nettoyer et pratique \u00e0 transporter. Si cette gourde a un design hyper tendance, ce n\u2019est pas non plus pour me d\u00e9plaire. Le bon plan \u00e0 suivre. <\/p>\n\n\n\n<h2 class=\"wp-block-heading\">Une planche de surf<\/h2>\n\n\n\n<p>C\u2019est le cadeau qui met du soleil dans l\u2019hiver et surprend \u00e0 coup s\u00fbr. Le surf est un sport que j\u2019adore pratiquer d\u00e8s que possible et je me vois d\u00e9j\u00e0 sur les spots de la C\u00f4te basque et landaise l\u2019\u00e9t\u00e9 prochain. La <strong>planche de surf<\/strong>, c\u2019est le cadeau original comme un avant-go\u00fbt d\u2019\u00e9t\u00e9 <em>caliente<\/em> et sportif, j\u2019adore !<\/p>\n\n\n\n<h2 class=\"wp-block-heading\">Un coffret sommelier en bois grav\u00e9 <\/h2>\n\n\n\n<p>Je n\u2019ai jamais eu le temps de m\u2019y pencher s\u00e9rieusement, mais cette ann\u00e9e, c\u2019est d\u00e9cid\u00e9, je d\u00e9bute ma cave. Les d\u00e9gustations de grands crus entre copains ou en famille sont toujours des moments de d\u00e9couverte, de convivialit\u00e9 et de nouvelles sensations. J\u2019ai d\u00e9sormais envie d\u2019aller plus loin et de composer ma propre liste de vins, peut-\u00eatre avec quelques amis ou parents. Un <strong><a href=\"https:\/\/www.cadeaux.com\/coffret-sommelier-grave-premium-p1911?utm_source=blog&amp;utm_medium=organic&amp;utm_campaign=noel\" target=\"_blank\" rel=\"noreferrer noopener\">coffret sommelier en bois grav\u00e9<\/a><\/strong> joindra tout \u00e0 fait l\u2019utile \u00e0 l\u2019agr\u00e9able et me comblera. Je serai bient\u00f4t un v\u00e9ritable initi\u00e9, incollable sur les meilleurs nectars.<\/p>\n\n\n\n\n\n\n<h2 class=\"wp-block-heading\">Un week-end au ski ou un <em>citybreak<\/em><\/h2>\n\n\n\n<p>Voil\u00e0 un cadeau particuli\u00e8rement g\u00e9n\u00e9reux, ou\nun cadeau group\u00e9, ou encore une superbe id\u00e9e de pr\u00e9sent pour son ou sa ch\u00e9rie.\nPersonnellement, je ne me lasse jamais des sports d\u2019hiver : ski, raquettes,\nskis de fond, surf, parapente, chiens de tra\u00eeneau\u2026 Et bien s\u00fbr les soir\u00e9es\nraclette au refuge apr\u00e8s une bonne mont\u00e9e ! J\u2019appr\u00e9cie aussi, pour interrompre\nle rythme effr\u00e9n\u00e9 de nos vies, de faire des \u201c<em>citybreaks<\/em>\u201d, un week-end ou quelques jours \u00e0 peine dans une ville\nd\u2019Europe ou au Maroc par exemple. H\u00e2te de photographier le splendide Jardin\nMajorelle de Marrakech ou les vieilles rues de Prague.<\/p>\n\n\n\n<h2 class=\"wp-block-heading\">Une enceinte en bois grav\u00e9 <\/h2>\n\n\n\n<p>Quand je ne crapahute pas sur les murs d\u2019escalade ou \u00e0 la recherche de paysages exceptionnels \u00e0 photographier, j\u2019aime me poser dans mon salon et \u00e9couter mon podcast pr\u00e9f\u00e9r\u00e9 ou de la bonne musique. Une <strong><a href=\"https:\/\/www.cadeaux.com\/enceinte-bluetooth-p1666?utm_source=blog&amp;utm_medium=organic&amp;utm_campaign=noel\" target=\"_blank\" rel=\"noreferrer noopener\">enceinte design personnalis\u00e9e<\/a><\/strong> en bois sera le cadeau incontournable pour cela. Autre objet en bois qui me fait tr\u00e8s envie : le compagnon ins\u00e9parable de ceux qui, comme moi, se d\u00e9placent beaucoup en ext\u00e9rieur, une batterie externe en bois grav\u00e9. Finies les pannes de t\u00e9l\u00e9phone au milieu de nulle part et au plus mauvais moment, la <strong><a href=\"https:\/\/www.cadeaux.com\/chargeur-nomade-grave-2600mah-p1714?utm_source=blog&amp;utm_medium=organic&amp;utm_campaign=noel\" target=\"_blank\" rel=\"noreferrer noopener\">batterie externe en bois grav\u00e9<\/a><\/strong> est un must-have. <\/p>\n\n\n\n<h2 class=\"wp-block-heading\">LE fameux pull de No\u00ebl <\/h2>\n\n\n\n<p>Une magnifique t\u00eate de Santa Claus, un r\u00eane\nsympathique au nez rouge en pompon, un sapin scintillant de mille feux ? Les\nmotifs ornant les pulls de No\u00ebl ne manquent pas et je me ferai un plaisir\nd\u2019enfiler le mien au R\u00e9veillon. <\/p>\n\n\n\n<h2 class=\"wp-block-heading\">Une pince grav\u00e9e multifonctions<\/h2>\n\n\n\n<p>Quel petit gar\u00e7on n\u2019a pas r\u00eav\u00e9 devant les aventures incroyables de Mac Gyver et son couteau ? En week-end, en vacances, \u00e0 la maison ou en exp\u00e9dition, je saurai faire bon usage d\u2019une <a href=\"https:\/\/www.cadeaux.com\/pinces-multifonctions-p14866?utm_source=blog&amp;utm_medium=organic&amp;utm_campaign=noel\" target=\"_blank\" rel=\"noreferrer noopener\"><strong>pince grav\u00e9e<\/strong><\/a>. Le nombre de ses fonctions est absolument vertigineux, parmi les plus connues : pince coupante, d\u00e9nudeur, couteau, ouvre bo\u00eete, r\u00e8gle gradu\u00e9e en cm, tire-bouchon, 5 tailles de tournevis plats, 3 tailles de tournevis cruciformes, 4 tailles de cl\u00e9 al\u00eane. Exactement le cadeau \u00e0 m\u2019offrir pour r\u00e9veiller, en ces f\u00eates de No\u00ebl, le petit gar\u00e7on friands d\u2019aventures, de d\u00e9couvertes et de grands espaces qui est en moi.<\/p>\n\n\n\n<div class=\"wp-block-buttons is-content-justification-center is-layout-flex wp-container-1 wp-block-buttons-is-layout-flex\">\n<div class=\"wp-block-button\"><a class=\"wp-block-button__link has-background wp-element-button\" href=\"https:\/\/www.cadeaux.com\/cadeau-noel?utm_source=blog&amp;utm_medium=organic&amp;utm_campaign=post-cta\" style=\"background-color:#e6274d\" target=\"_blank\" rel=\"noreferrer noopener\">Voir toutes nos id\u00e9es cadeaux pour No\u00ebl<\/a><\/div>\n<\/div>\n\n\n\n\n\n","protected":false},"excerpt":{"rendered":"<p>A l&rsquo;approche des f\u00eates de fin d&rsquo;ann\u00e9e, nous avons d\u00e9cid\u00e9 de donner la parole \u00e0 chacun de nos r\u00e9dacteurs et r\u00e9dactrices : ils vous livreront leur liste de No\u00ebl r\u00eav\u00e9e. Qui sait, s\u00fbrement trouverez-vous \u00e0 votre tour des inspirations et des id\u00e9es de cadeaux \u00e0 offrir pour vos proches !<\/p>\n","protected":false},"author":7,"featured_media":1835,"comment_status":"open","ping_status":"open","sticky":false,"template":"","format":"standard","meta":{"footnotes":""},"categories":[36,56,35],"tags":[],"acf":[],"yoast_head":"<!-- This site is optimized with the Yoast SEO plugin v21.5 - https:\/\/yoast.com\/wordpress\/plugins\/seo\/ -->\n<title>La liste de No\u00ebl d&#039;Emilien | Le Mag de Cadeaux.com<\/title>\n<meta name=\"description\" content=\"Les f\u00eates de fin d&#039;ann\u00e9e approchent \u00e0 grands pas ! C&#039;est l&#039;occasion pour notre r\u00e9dacteur Emilien de vous donner sa liste de No\u00ebl id\u00e9ale \ud83c\udf81\" \/>\n<meta name=\"robots\" content=\"index, follow, max-snippet:-1, max-image-preview:large, max-video-preview:-1\" \/>\n<link rel=\"canonical\" href=\"https:\/\/www.cadeaux.com\/blog\/la-liste-de-noel-demilien\/\" \/>\n<meta property=\"og:locale\" content=\"fr_FR\" \/>\n<meta property=\"og:type\" content=\"article\" \/>\n<meta property=\"og:title\" content=\"La liste de No\u00ebl d&#039;Emilien | Le Mag de Cadeaux.com\" \/>\n<meta property=\"og:description\" content=\"Les f\u00eates de fin d&#039;ann\u00e9e approchent \u00e0 grands pas ! C&#039;est l&#039;occasion pour notre r\u00e9dacteur Emilien de vous donner sa liste de No\u00ebl id\u00e9ale \ud83c\udf81\" \/>\n<meta property=\"og:url\" content=\"https:\/\/www.cadeaux.com\/blog\/la-liste-de-noel-demilien\/\" \/>\n<meta property=\"og:site_name\" content=\"Le Mag de Cadeaux.com\" \/>\n<meta property=\"article:publisher\" content=\"https:\/\/fr-fr.facebook.com\/cadeauxcom\/\" \/>\n<meta property=\"article:published_time\" content=\"2023-10-04T14:17:00+00:00\" \/>\n<meta property=\"article:modified_time\" content=\"2025-10-14T09:50:07+00:00\" \/>\n<meta property=\"og:image\" content=\"https:\/\/www.cadeaux.com\/blog\/wp-content\/uploads\/2019\/12\/Fotolia_125254074_Subscription_Monthly_M-Copie.jpg\" \/>\n\t<meta property=\"og:image:width\" content=\"1705\" \/>\n\t<meta property=\"og:image:height\" content=\"1115\" \/>\n\t<meta property=\"og:image:type\" content=\"image\/jpeg\" \/>\n<meta name=\"author\" content=\"Emilien\" \/>\n<meta name=\"twitter:card\" content=\"summary_large_image\" \/>\n<meta name=\"twitter:label1\" content=\"\u00c9crit par\" \/>\n\t<meta name=\"twitter:data1\" content=\"Emilien\" \/>\n\t<meta name=\"twitter:label2\" content=\"Dur\u00e9e de lecture estim\u00e9e\" \/>\n\t<meta name=\"twitter:data2\" content=\"5 minutes\" \/>\n<script type=\"application\/ld+json\" class=\"yoast-schema-graph\">{\"@context\":\"https:\/\/schema.org\",\"@graph\":[{\"@type\":\"Article\",\"@id\":\"https:\/\/www.cadeaux.com\/blog\/la-liste-de-noel-demilien\/#article\",\"isPartOf\":{\"@id\":\"https:\/\/www.cadeaux.com\/blog\/la-liste-de-noel-demilien\/\"},\"author\":{\"name\":\"Emilien\",\"@id\":\"https:\/\/www.cadeaux.com\/blog\/#\/schema\/person\/6915e0ea5416553441815db4ab50830f\"},\"headline\":\"La liste de No\u00ebl d&rsquo;\u00c9milien\",\"datePublished\":\"2023-10-04T14:17:00+00:00\",\"dateModified\":\"2025-10-14T09:50:07+00:00\",\"mainEntityOfPage\":{\"@id\":\"https:\/\/www.cadeaux.com\/blog\/la-liste-de-noel-demilien\/\"},\"wordCount\":988,\"commentCount\":0,\"publisher\":{\"@id\":\"https:\/\/www.cadeaux.com\/blog\/#organization\"},\"articleSection\":[\"Nos conseils cadeaux\",\"Nos conseils et guides de No\u00ebl\",\"Nos guides d'achat\"],\"inLanguage\":\"fr-FR\",\"potentialAction\":[{\"@type\":\"CommentAction\",\"name\":\"Comment\",\"target\":[\"https:\/\/www.cadeaux.com\/blog\/la-liste-de-noel-demilien\/#respond\"]}]},{\"@type\":\"WebPage\",\"@id\":\"https:\/\/www.cadeaux.com\/blog\/la-liste-de-noel-demilien\/\",\"url\":\"https:\/\/www.cadeaux.com\/blog\/la-liste-de-noel-demilien\/\",\"name\":\"La liste de No\u00ebl d'Emilien | Le Mag de Cadeaux.com\",\"isPartOf\":{\"@id\":\"https:\/\/www.cadeaux.com\/blog\/#website\"},\"datePublished\":\"2023-10-04T14:17:00+00:00\",\"dateModified\":\"2025-10-14T09:50:07+00:00\",\"description\":\"Les f\u00eates de fin d'ann\u00e9e approchent \u00e0 grands pas ! C'est l'occasion pour notre r\u00e9dacteur Emilien de vous donner sa liste de No\u00ebl id\u00e9ale \ud83c\udf81\",\"breadcrumb\":{\"@id\":\"https:\/\/www.cadeaux.com\/blog\/la-liste-de-noel-demilien\/#breadcrumb\"},\"inLanguage\":\"fr-FR\",\"potentialAction\":[{\"@type\":\"ReadAction\",\"target\":[\"https:\/\/www.cadeaux.com\/blog\/la-liste-de-noel-demilien\/\"]}]},{\"@type\":\"BreadcrumbList\",\"@id\":\"https:\/\/www.cadeaux.com\/blog\/la-liste-de-noel-demilien\/#breadcrumb\",\"itemListElement\":[{\"@type\":\"ListItem\",\"position\":1,\"name\":\"Accueil\",\"item\":\"https:\/\/www.cadeaux.com\/blog\/\"},{\"@type\":\"ListItem\",\"position\":2,\"name\":\"La liste de No\u00ebl d&rsquo;\u00c9milien\"}]},{\"@type\":\"WebSite\",\"@id\":\"https:\/\/www.cadeaux.com\/blog\/#website\",\"url\":\"https:\/\/www.cadeaux.com\/blog\/\",\"name\":\"Le Mag de Cadeaux.com\",\"description\":\"\",\"publisher\":{\"@id\":\"https:\/\/www.cadeaux.com\/blog\/#organization\"},\"potentialAction\":[{\"@type\":\"SearchAction\",\"target\":{\"@type\":\"EntryPoint\",\"urlTemplate\":\"https:\/\/www.cadeaux.com\/blog\/?s={search_term_string}\"},\"query-input\":\"required name=search_term_string\"}],\"inLanguage\":\"fr-FR\"},{\"@type\":\"Organization\",\"@id\":\"https:\/\/www.cadeaux.com\/blog\/#organization\",\"name\":\"Cadeaux.com\",\"url\":\"https:\/\/www.cadeaux.com\/blog\/\",\"logo\":{\"@type\":\"ImageObject\",\"inLanguage\":\"fr-FR\",\"@id\":\"https:\/\/www.cadeaux.com\/blog\/#\/schema\/logo\/image\/\",\"url\":\"https:\/\/www.cadeaux.com\/blog\/wp-content\/uploads\/2019\/07\/logo-cadeaux.png\",\"contentUrl\":\"https:\/\/www.cadeaux.com\/blog\/wp-content\/uploads\/2019\/07\/logo-cadeaux.png\",\"width\":587,\"height\":120,\"caption\":\"Cadeaux.com\"},\"image\":{\"@id\":\"https:\/\/www.cadeaux.com\/blog\/#\/schema\/logo\/image\/\"},\"sameAs\":[\"https:\/\/fr-fr.facebook.com\/cadeauxcom\/\",\"https:\/\/www.instagram.com\/cadeaux_com\/\"]},{\"@type\":\"Person\",\"@id\":\"https:\/\/www.cadeaux.com\/blog\/#\/schema\/person\/6915e0ea5416553441815db4ab50830f\",\"name\":\"Emilien\",\"image\":{\"@type\":\"ImageObject\",\"inLanguage\":\"fr-FR\",\"@id\":\"https:\/\/www.cadeaux.com\/blog\/#\/schema\/person\/image\/\",\"url\":\"https:\/\/secure.gravatar.com\/avatar\/9976a6d6f1e0fa731f632c1f9b0acea9?s=96&d=mm&r=g\",\"contentUrl\":\"https:\/\/secure.gravatar.com\/avatar\/9976a6d6f1e0fa731f632c1f9b0acea9?s=96&d=mm&r=g\",\"caption\":\"Emilien\"},\"description\":\"Emilien, Lyonnais depuis toujours et arm\u00e9 de son plus beau sourire, est heureux d'\u00e9laborer et de partager avec vous les meilleurs guides d'achat et conseils cadeaux pour vous aider \u00e0 trouver LE bon cadeau de tous vos \u00e9v\u00e9nements importants. En dehors de \u00e7a, il adore crapahuter dans nos belles r\u00e9gions et s'int\u00e9resse de pr\u00e8s \u00e0 la photographie.\",\"url\":\"https:\/\/www.cadeaux.com\/blog\/author\/emilien\/\"}]}<\/script>\n<!-- \/ Yoast SEO plugin. -->","yoast_head_json":{"title":"La liste de No\u00ebl d'Emilien | Le Mag de Cadeaux.com","description":"Les f\u00eates de fin d'ann\u00e9e approchent \u00e0 grands pas ! C'est l'occasion pour notre r\u00e9dacteur Emilien de vous donner sa liste de No\u00ebl id\u00e9ale \ud83c\udf81","robots":{"index":"index","follow":"follow","max-snippet":"max-snippet:-1","max-image-preview":"max-image-preview:large","max-video-preview":"max-video-preview:-1"},"canonical":"https:\/\/www.cadeaux.com\/blog\/la-liste-de-noel-demilien\/","og_locale":"fr_FR","og_type":"article","og_title":"La liste de No\u00ebl d'Emilien | Le Mag de Cadeaux.com","og_description":"Les f\u00eates de fin d'ann\u00e9e approchent \u00e0 grands pas ! C'est l'occasion pour notre r\u00e9dacteur Emilien de vous donner sa liste de No\u00ebl id\u00e9ale \ud83c\udf81","og_url":"https:\/\/www.cadeaux.com\/blog\/la-liste-de-noel-demilien\/","og_site_name":"Le Mag de Cadeaux.com","article_publisher":"https:\/\/fr-fr.facebook.com\/cadeauxcom\/","article_published_time":"2023-10-04T14:17:00+00:00","article_modified_time":"2025-10-14T09:50:07+00:00","og_image":[{"width":1705,"height":1115,"url":"https:\/\/www.cadeaux.com\/blog\/wp-content\/uploads\/2019\/12\/Fotolia_125254074_Subscription_Monthly_M-Copie.jpg","type":"image\/jpeg"}],"author":"Emilien","twitter_card":"summary_large_image","twitter_misc":{"\u00c9crit par":"Emilien","Dur\u00e9e de lecture estim\u00e9e":"5 minutes"},"schema":{"@context":"https:\/\/schema.org","@graph":[{"@type":"Article","@id":"https:\/\/www.cadeaux.com\/blog\/la-liste-de-noel-demilien\/#article","isPartOf":{"@id":"https:\/\/www.cadeaux.com\/blog\/la-liste-de-noel-demilien\/"},"author":{"name":"Emilien","@id":"https:\/\/www.cadeaux.com\/blog\/#\/schema\/person\/6915e0ea5416553441815db4ab50830f"},"headline":"La liste de No\u00ebl d&rsquo;\u00c9milien","datePublished":"2023-10-04T14:17:00+00:00","dateModified":"2025-10-14T09:50:07+00:00","mainEntityOfPage":{"@id":"https:\/\/www.cadeaux.com\/blog\/la-liste-de-noel-demilien\/"},"wordCount":988,"commentCount":0,"publisher":{"@id":"https:\/\/www.cadeaux.com\/blog\/#organization"},"articleSection":["Nos conseils cadeaux","Nos conseils et guides de No\u00ebl","Nos guides d'achat"],"inLanguage":"fr-FR","potentialAction":[{"@type":"CommentAction","name":"Comment","target":["https:\/\/www.cadeaux.com\/blog\/la-liste-de-noel-demilien\/#respond"]}]},{"@type":"WebPage","@id":"https:\/\/www.cadeaux.com\/blog\/la-liste-de-noel-demilien\/","url":"https:\/\/www.cadeaux.com\/blog\/la-liste-de-noel-demilien\/","name":"La liste de No\u00ebl d'Emilien | Le Mag de Cadeaux.com","isPartOf":{"@id":"https:\/\/www.cadeaux.com\/blog\/#website"},"datePublished":"2023-10-04T14:17:00+00:00","dateModified":"2025-10-14T09:50:07+00:00","description":"Les f\u00eates de fin d'ann\u00e9e approchent \u00e0 grands pas ! C'est l'occasion pour notre r\u00e9dacteur Emilien de vous donner sa liste de No\u00ebl id\u00e9ale \ud83c\udf81","breadcrumb":{"@id":"https:\/\/www.cadeaux.com\/blog\/la-liste-de-noel-demilien\/#breadcrumb"},"inLanguage":"fr-FR","potentialAction":[{"@type":"ReadAction","target":["https:\/\/www.cadeaux.com\/blog\/la-liste-de-noel-demilien\/"]}]},{"@type":"BreadcrumbList","@id":"https:\/\/www.cadeaux.com\/blog\/la-liste-de-noel-demilien\/#breadcrumb","itemListElement":[{"@type":"ListItem","position":1,"name":"Accueil","item":"https:\/\/www.cadeaux.com\/blog\/"},{"@type":"ListItem","position":2,"name":"La liste de No\u00ebl d&rsquo;\u00c9milien"}]},{"@type":"WebSite","@id":"https:\/\/www.cadeaux.com\/blog\/#website","url":"https:\/\/www.cadeaux.com\/blog\/","name":"Le Mag de Cadeaux.com","description":"","publisher":{"@id":"https:\/\/www.cadeaux.com\/blog\/#organization"},"potentialAction":[{"@type":"SearchAction","target":{"@type":"EntryPoint","urlTemplate":"https:\/\/www.cadeaux.com\/blog\/?s={search_term_string}"},"query-input":"required name=search_term_string"}],"inLanguage":"fr-FR"},{"@type":"Organization","@id":"https:\/\/www.cadeaux.com\/blog\/#organization","name":"Cadeaux.com","url":"https:\/\/www.cadeaux.com\/blog\/","logo":{"@type":"ImageObject","inLanguage":"fr-FR","@id":"https:\/\/www.cadeaux.com\/blog\/#\/schema\/logo\/image\/","url":"https:\/\/www.cadeaux.com\/blog\/wp-content\/uploads\/2019\/07\/logo-cadeaux.png","contentUrl":"https:\/\/www.cadeaux.com\/blog\/wp-content\/uploads\/2019\/07\/logo-cadeaux.png","width":587,"height":120,"caption":"Cadeaux.com"},"image":{"@id":"https:\/\/www.cadeaux.com\/blog\/#\/schema\/logo\/image\/"},"sameAs":["https:\/\/fr-fr.facebook.com\/cadeauxcom\/","https:\/\/www.instagram.com\/cadeaux_com\/"]},{"@type":"Person","@id":"https:\/\/www.cadeaux.com\/blog\/#\/schema\/person\/6915e0ea5416553441815db4ab50830f","name":"Emilien","image":{"@type":"ImageObject","inLanguage":"fr-FR","@id":"https:\/\/www.cadeaux.com\/blog\/#\/schema\/person\/image\/","url":"https:\/\/secure.gravatar.com\/avatar\/9976a6d6f1e0fa731f632c1f9b0acea9?s=96&d=mm&r=g","contentUrl":"https:\/\/secure.gravatar.com\/avatar\/9976a6d6f1e0fa731f632c1f9b0acea9?s=96&d=mm&r=g","caption":"Emilien"},"description":"Emilien, Lyonnais depuis toujours et arm\u00e9 de son plus beau sourire, est heureux d'\u00e9laborer et de partager avec vous les meilleurs guides d'achat et conseils cadeaux pour vous aider \u00e0 trouver LE bon cadeau de tous vos \u00e9v\u00e9nements importants. En dehors de \u00e7a, il adore crapahuter dans nos belles r\u00e9gions et s'int\u00e9resse de pr\u00e8s \u00e0 la photographie.","url":"https:\/\/www.cadeaux.com\/blog\/author\/emilien\/"}]}},"_links":{"self":[{"href":"https:\/\/www.cadeaux.com\/blog\/wp-json\/wp\/v2\/posts\/1834"}],"collection":[{"href":"https:\/\/www.cadeaux.com\/blog\/wp-json\/wp\/v2\/posts"}],"about":[{"href":"https:\/\/www.cadeaux.com\/blog\/wp-json\/wp\/v2\/types\/post"}],"author":[{"embeddable":true,"href":"https:\/\/www.cadeaux.com\/blog\/wp-json\/wp\/v2\/users\/7"}],"replies":[{"embeddable":true,"href":"https:\/\/www.cadeaux.com\/blog\/wp-json\/wp\/v2\/comments?post=1834"}],"version-history":[{"count":11,"href":"https:\/\/www.cadeaux.com\/blog\/wp-json\/wp\/v2\/posts\/1834\/revisions"}],"predecessor-version":[{"id":80113,"href":"https:\/\/www.cadeaux.com\/blog\/wp-json\/wp\/v2\/posts\/1834\/revisions\/80113"}],"wp:featuredmedia":[{"embeddable":true,"href":"https:\/\/www.cadeaux.com\/blog\/wp-json\/wp\/v2\/media\/1835"}],"wp:attachment":[{"href":"https:\/\/www.cadeaux.com\/blog\/wp-json\/wp\/v2\/media?parent=1834"}],"wp:term":[{"taxonomy":"category","embeddable":true,"href":"https:\/\/www.cadeaux.com\/blog\/wp-json\/wp\/v2\/categories?post=1834"},{"taxonomy":"post_tag","embeddable":true,"href":"https:\/\/www.cadeaux.com\/blog\/wp-json\/wp\/v2\/tags?post=1834"}],"curies":[{"name":"wp","href":"https:\/\/api.w.org\/{rel}","templated":true}]}}