{"id":1476,"date":"2019-10-11T14:24:19","date_gmt":"2019-10-11T12:24:19","guid":{"rendered":"https:\/\/www.cadeaux.com\/blog\/?p=1476"},"modified":"2024-05-10T11:33:46","modified_gmt":"2024-05-10T09:33:46","slug":"4-jolies-facons-de-feter-la-fete-des-belles-meres","status":"publish","type":"post","link":"https:\/\/www.cadeaux.com\/blog\/4-jolies-facons-de-feter-la-fete-des-belles-meres\/","title":{"rendered":"Des jolies fa\u00e7ons de c\u00e9l\u00e9brer la F\u00eate des Belles-m\u00e8res le 27 octobre !"},"content":{"rendered":"<p>Les belles-m\u00e8res ont la vie dure : \u00e0 longueur\nd\u2019ann\u00e9es, elles subissent les blagues qui leur donnent mauvaise r\u00e9putation,\nsoignent les chagrins d\u2019amour de leur prog\u00e9niture, puis sont r\u00e9quisitionn\u00e9es\nsans discuter lorsqu\u2019elles deviennent Mamies\u2026 Bref, elles ne ressemblent pas\ndu tout \u00e0 la caricature qui leur colle \u00e0 la peau, entre Cruella d\u2019Enfer et\nTatie Danielle. <\/p>\n\n\n\n<p>Au contraire, elles m\u00e9ritent toute notre\naffection et notre attention lors de leur f\u00eate, qui a lieu cette ann\u00e9e le<strong> 27 octobre<\/strong>. Et puis, autant se le dire\nclairement : c\u00e9l\u00e9brer leur f\u00eate, c\u2019est quand m\u00eame la meilleure fa\u00e7on de <strong>gagner un maximum de points<\/strong> aupr\u00e8s de\nnos belles-m\u00e8res parfois un peu impressionnantes. C\u2019est aussi une fa\u00e7on habile\net \u00e9l\u00e9gante de dire \u00e0 son amoureux\/se qu\u2019on tient \u00e0 lui ou \u00e0 elle, et \u00e7a, \u00e7a\nn\u2019a pas de prix. Alors, on enfile son costume de super-gendre ou\nsuper-belle-fille et on offre \u00e0 belle-maman un moment inoubliable. <\/p>\n\n\n\n<h2 class=\"wp-block-heading\">On passe derri\u00e8re les fourneaux<\/h2>\n\n\n\n<p>D\u2019habitude, c\u2019est elle qui r\u00e9gale toute la\nfamille lors du d\u00e9jeuner du dimanche auquel vous vous rendez d\u00e9sormais toutes\nles semaines avec votre +1 ? Voil\u00e0 une formidable occasion de prendre soin\nd\u2019elle : <strong>en lui pr\u00e9parant un d\u00e9licieux\npetit plat. <\/strong>Attention, pour qu\u2019elle ne prenne pas ombrage sur la qualit\u00e9 de\nsa cuisine, n\u2019oubliez pas de lui offrir un tablier personnalis\u00e9 \u201cCheffe\ncuisini\u00e8re\u201d ! <\/p>\n\n\n<div class=\"wp-block-image\">\n<figure class=\"aligncenter\"><a href=\"\/tablier-noir-personnalisable-p1327\" target=\"_blank\" rel=\"noreferrer noopener\"><img fetchpriority=\"high\" decoding=\"async\" width=\"800\" height=\"640\" src=\"https:\/\/www.cadeaux.com\/blog\/wp-content\/uploads\/2019\/10\/streamimage-3.jpg\" alt=\"F\u00eate des belles-m\u00e8res : un tablier personnalis\u00e9\" class=\"wp-image-1477\" srcset=\"https:\/\/www.cadeaux.com\/blog\/wp-content\/uploads\/2019\/10\/streamimage-3.jpg 800w, https:\/\/www.cadeaux.com\/blog\/wp-content\/uploads\/2019\/10\/streamimage-3-300x240.jpg 300w, https:\/\/www.cadeaux.com\/blog\/wp-content\/uploads\/2019\/10\/streamimage-3-768x614.jpg 768w\" sizes=\"(max-width: 800px) 100vw, 800px\"><\/a><figcaption class=\"wp-element-caption\">Tablier noir personnalisable | 19,90\u20ac<\/figcaption><\/figure><\/div>\n\n\n<h2 class=\"wp-block-heading\">On lui d\u00e9clare sa flamme<\/h2>\n\n\n\n<p>Les d\u00e9clarations enflamm\u00e9es, on les r\u00e9serve en\ng\u00e9n\u00e9ral \u00e0 sa ou son ch\u00e9ri. Mais pourquoi ne pas dire \u00e0 sa maman qu\u2019elle est\nexceptionnelle et la remercier d\u2019accueillir un nouveau membre dans sa famille.\nUne phrase simple suffit : \u201cJe suis une belle-m\u00e8re formidable\u201d inscrite sur un\nmug, cadeau original et simplement \u00e9mouvant. <\/p>\n\n\n<div class=\"wp-block-image\">\n<figure class=\"aligncenter\"><a href=\"\/mug-personnalisable-message-positif-p1337\" target=\"_blank\" rel=\"noreferrer noopener\"><img decoding=\"async\" width=\"800\" height=\"640\" src=\"https:\/\/www.cadeaux.com\/blog\/wp-content\/uploads\/2019\/10\/mug-je-suis-une-belle-mere-formidable-1-zoom.jpg\" alt=\"\" class=\"wp-image-1478\" srcset=\"https:\/\/www.cadeaux.com\/blog\/wp-content\/uploads\/2019\/10\/mug-je-suis-une-belle-mere-formidable-1-zoom.jpg 800w, https:\/\/www.cadeaux.com\/blog\/wp-content\/uploads\/2019\/10\/mug-je-suis-une-belle-mere-formidable-1-zoom-300x240.jpg 300w, https:\/\/www.cadeaux.com\/blog\/wp-content\/uploads\/2019\/10\/mug-je-suis-une-belle-mere-formidable-1-zoom-768x614.jpg 768w\" sizes=\"(max-width: 800px) 100vw, 800px\"><\/a><figcaption class=\"wp-element-caption\"> Mug Je suis une Belle-M\u00e8re Formidable | 14,90\u20ac<\/figcaption><\/figure><\/div>\n\n\n<p>Pour \u00eatre s\u00fbr de faire un effet \u201cwhaou\u201d, une\nsuperbe rose en or est un cadeau qui se conservera longtemps et ira droit au\ncoeur. Beau-Papa va \u00eatre jaloux !<\/p>\n\n\n<div class=\"wp-block-image\">\n<figure class=\"aligncenter\"><a href=\"\/rose-en-or-et-son-coffret-grave-p1331\" target=\"_blank\" rel=\"noreferrer noopener\"><img decoding=\"async\" width=\"800\" height=\"640\" src=\"https:\/\/www.cadeaux.com\/blog\/wp-content\/uploads\/2019\/10\/rose-en-or-belle-mere-en-or-1-zoom.jpg\" alt=\"\" class=\"wp-image-1479\" srcset=\"https:\/\/www.cadeaux.com\/blog\/wp-content\/uploads\/2019\/10\/rose-en-or-belle-mere-en-or-1-zoom.jpg 800w, https:\/\/www.cadeaux.com\/blog\/wp-content\/uploads\/2019\/10\/rose-en-or-belle-mere-en-or-1-zoom-300x240.jpg 300w, https:\/\/www.cadeaux.com\/blog\/wp-content\/uploads\/2019\/10\/rose-en-or-belle-mere-en-or-1-zoom-768x614.jpg 768w\" sizes=\"(max-width: 800px) 100vw, 800px\"><\/a><figcaption class=\"wp-element-caption\"> Grande rose en or (36 cm) 24 carats dans son \u00e9crin \u2013 Belle m\u00e8re en or | 99,90\u20ac<\/figcaption><\/figure><\/div>\n\n\n<h2 class=\"wp-block-heading\">On la fait rire<\/h2>\n\n\n\n<p>Avoir des relations complices avec ses\nbeaux-parents est gage de bonheur partag\u00e9 par toute la famille. Lors de sa\nf\u00eate, c\u2019est le moment ou jamais de faire rire Belle-Maman avec des clins d\u2019oeil\nsympathiques. Un magnifique disque d\u2019or \u201cBelle-m\u00e8re en or\u201d fera un tabac.<\/p>\n\n\n<div class=\"wp-block-image\">\n<figure class=\"aligncenter\"><a href=\"\/affiche-disque-d-or-belle-mere-en-or-message-fixe-p4834\" target=\"_blank\" rel=\"noreferrer noopener\"><img loading=\"lazy\" decoding=\"async\" width=\"800\" height=\"640\" src=\"https:\/\/www.cadeaux.com\/blog\/wp-content\/uploads\/2019\/10\/affiche-disque-belle-mere-en-or-1-zoom.jpg\" alt=\"\" class=\"wp-image-1480\" srcset=\"https:\/\/www.cadeaux.com\/blog\/wp-content\/uploads\/2019\/10\/affiche-disque-belle-mere-en-or-1-zoom.jpg 800w, https:\/\/www.cadeaux.com\/blog\/wp-content\/uploads\/2019\/10\/affiche-disque-belle-mere-en-or-1-zoom-300x240.jpg 300w, https:\/\/www.cadeaux.com\/blog\/wp-content\/uploads\/2019\/10\/affiche-disque-belle-mere-en-or-1-zoom-768x614.jpg 768w\" sizes=\"(max-width: 800px) 100vw, 800px\"><\/a><figcaption class=\"wp-element-caption\"> Affiche disque d\u2019or \u2013 Belle m\u00e8re en or | d\u00e8s 19,90\u20ac<\/figcaption><\/figure><\/div>\n\n\n<p>De m\u00eame, un mug personnalis\u00e9 \u00e0 inscription \u201cMa\nbelle-fille\/mon gendre pr\u00e9f\u00e9r\u00e9 c\u2019est\u2026\u201d, ne pourra que faire na\u00eetre un beau\nsourire sur son visage. <\/p>\n\n\n<div class=\"wp-block-image\">\n<figure class=\"aligncenter\"><a href=\"\/mug-personnalisable-ma-belle-fille-preferee-p4828\" target=\"_blank\" rel=\"noreferrer noopener\"><img loading=\"lazy\" decoding=\"async\" width=\"800\" height=\"640\" src=\"https:\/\/www.cadeaux.com\/blog\/wp-content\/uploads\/2019\/10\/mug-bellefille-prefere-1-zoom.jpg\" alt=\"\" class=\"wp-image-1482\" srcset=\"https:\/\/www.cadeaux.com\/blog\/wp-content\/uploads\/2019\/10\/mug-bellefille-prefere-1-zoom.jpg 800w, https:\/\/www.cadeaux.com\/blog\/wp-content\/uploads\/2019\/10\/mug-bellefille-prefere-1-zoom-300x240.jpg 300w, https:\/\/www.cadeaux.com\/blog\/wp-content\/uploads\/2019\/10\/mug-bellefille-prefere-1-zoom-768x614.jpg 768w\" sizes=\"(max-width: 800px) 100vw, 800px\"><\/a><figcaption class=\"wp-element-caption\"> Mug Personnalisable \u2013 Ma Belle-Fille Pr\u00e9f\u00e9r\u00e9e | 14,90\u20ac<\/figcaption><\/figure><\/div>\n\n<div class=\"wp-block-image\">\n<figure class=\"aligncenter\"><a href=\"\/mug-personnalisable-mon-gendre-prefere-p4827\" target=\"_blank\" rel=\"noreferrer noopener\"><img loading=\"lazy\" decoding=\"async\" width=\"800\" height=\"640\" src=\"https:\/\/www.cadeaux.com\/blog\/wp-content\/uploads\/2019\/10\/mug-gendre-prefere-1-zoom.jpg\" alt=\"\" class=\"wp-image-1483\" srcset=\"https:\/\/www.cadeaux.com\/blog\/wp-content\/uploads\/2019\/10\/mug-gendre-prefere-1-zoom.jpg 800w, https:\/\/www.cadeaux.com\/blog\/wp-content\/uploads\/2019\/10\/mug-gendre-prefere-1-zoom-300x240.jpg 300w, https:\/\/www.cadeaux.com\/blog\/wp-content\/uploads\/2019\/10\/mug-gendre-prefere-1-zoom-768x614.jpg 768w\" sizes=\"(max-width: 800px) 100vw, 800px\"><\/a><figcaption class=\"wp-element-caption\"> Mug Personnalisable \u2013 Mon Gendre Pr\u00e9f\u00e9r\u00e9 | 14,90\u20ac<\/figcaption><\/figure><\/div>\n\n\n<p>Idem pour un cadeau \u00e0 la fois contemporain,\nd\u00e9tendu et mignon : le T-shirt \u201cje suis une belle-m\u00e8re ultra ch\u2026ou\u201d la fera\npositivement penser \u00e0 celui ou celle qui le lui a offert\u00a0\ud83d\ude09<\/p>\n\n\n<div class=\"wp-block-image\">\n<figure class=\"aligncenter size-full\"><a href=\"https:\/\/www.cadeaux.com\/t-shirt-personnalise-femme-super-belle-mere-p16108\" target=\"_blank\" rel=\"noreferrer noopener\"><img loading=\"lazy\" decoding=\"async\" width=\"800\" height=\"640\" src=\"https:\/\/www.cadeaux.com\/blog\/wp-content\/uploads\/2019\/10\/8150982c896e79c588d90ab11da247a9cd251898c587d607c8dba549ea7439259.jpg\" alt=\"T-shirt super belle-m\u00e8re personnalisable\" class=\"wp-image-15212\" srcset=\"https:\/\/www.cadeaux.com\/blog\/wp-content\/uploads\/2019\/10\/8150982c896e79c588d90ab11da247a9cd251898c587d607c8dba549ea7439259.jpg 800w, https:\/\/www.cadeaux.com\/blog\/wp-content\/uploads\/2019\/10\/8150982c896e79c588d90ab11da247a9cd251898c587d607c8dba549ea7439259-300x240.jpg 300w, https:\/\/www.cadeaux.com\/blog\/wp-content\/uploads\/2019\/10\/8150982c896e79c588d90ab11da247a9cd251898c587d607c8dba549ea7439259-768x614.jpg 768w\" sizes=\"(max-width: 800px) 100vw, 800px\"><\/a><figcaption class=\"wp-element-caption\"> T-shirt Blanc Super Belle-m\u00e8re personnalis\u00e9 | 19,95\u20ac<\/figcaption><\/figure><\/div>\n\n\n<div class=\"lireaussi\">\n<div class=\"txtlireaussi\">Lire aussi<\/div>\n<div><a href=\"\/blog\/cadeau-femme-50-ans-10-auxquels-on-ne-pense-pas\/\">10 CADEAUX POUR UNE FEMME DE 50 ANS AUXQUELS VOUS N\u2019AVEZ PAS PENS\u00c9<\/a><\/div><\/div>\n\n\n\n<div class=\"wp-block-button aligncenter\"><a class=\"wp-block-button__link wp-element-button\" href=\"\/cadeau-fete-des-belles-meres\">D\u00e9couvrez notre s\u00e9lection de cadeaux pour la F\u00eate des belles-m\u00e8res<\/a><\/div>\n\n\n\n<figure class=\"wp-block-gallery has-nested-images columns-default is-cropped wp-block-gallery-1 is-layout-flex wp-block-gallery-is-layout-flex\">\n<figure class=\"wp-block-image\"><img loading=\"lazy\" decoding=\"async\" width=\"800\" height=\"640\" data-id=\"1486\" src=\"https:\/\/www.cadeaux.com\/blog\/wp-content\/uploads\/2019\/10\/cloche-rose-rouge-coeur-belle-mere-1-zoom.jpg\" alt=\"\" class=\"wp-image-1486\" srcset=\"https:\/\/www.cadeaux.com\/blog\/wp-content\/uploads\/2019\/10\/cloche-rose-rouge-coeur-belle-mere-1-zoom.jpg 800w, https:\/\/www.cadeaux.com\/blog\/wp-content\/uploads\/2019\/10\/cloche-rose-rouge-coeur-belle-mere-1-zoom-300x240.jpg 300w, https:\/\/www.cadeaux.com\/blog\/wp-content\/uploads\/2019\/10\/cloche-rose-rouge-coeur-belle-mere-1-zoom-768x614.jpg 768w\" sizes=\"(max-width: 800px) 100vw, 800px\"><\/figure>\n\n\n\n<figure class=\"wp-block-image\"><img loading=\"lazy\" decoding=\"async\" width=\"400\" height=\"400\" data-id=\"1487\" src=\"https:\/\/www.cadeaux.com\/blog\/wp-content\/uploads\/2019\/10\/tote-bag-belle-mere-en-or.jpg\" alt=\"\" class=\"wp-image-1487\" srcset=\"https:\/\/www.cadeaux.com\/blog\/wp-content\/uploads\/2019\/10\/tote-bag-belle-mere-en-or.jpg 400w, https:\/\/www.cadeaux.com\/blog\/wp-content\/uploads\/2019\/10\/tote-bag-belle-mere-en-or-300x300.jpg 300w, https:\/\/www.cadeaux.com\/blog\/wp-content\/uploads\/2019\/10\/tote-bag-belle-mere-en-or-150x150.jpg 150w\" sizes=\"(max-width: 400px) 100vw, 400px\"><\/figure>\n\n\n\n<figure class=\"wp-block-image\"><img loading=\"lazy\" decoding=\"async\" width=\"400\" height=\"400\" data-id=\"1488\" src=\"https:\/\/www.cadeaux.com\/blog\/wp-content\/uploads\/2019\/10\/mug-bulle-dialogue_social.jpg\" alt=\"\" class=\"wp-image-1488\" srcset=\"https:\/\/www.cadeaux.com\/blog\/wp-content\/uploads\/2019\/10\/mug-bulle-dialogue_social.jpg 400w, https:\/\/www.cadeaux.com\/blog\/wp-content\/uploads\/2019\/10\/mug-bulle-dialogue_social-300x300.jpg 300w, https:\/\/www.cadeaux.com\/blog\/wp-content\/uploads\/2019\/10\/mug-bulle-dialogue_social-150x150.jpg 150w\" sizes=\"(max-width: 400px) 100vw, 400px\"><\/figure>\n<\/figure>\n\n\n","protected":false},"excerpt":{"rendered":"<p>Les belles-m\u00e8res ont la vie dure : \u00e0 longueur d\u2019ann\u00e9es, elles subissent les blagues qui leur donnent mauvaise r\u00e9putation, soignent les chagrins d\u2019amour de leur prog\u00e9niture, puis sont r\u00e9quisitionn\u00e9es sans discuter lorsqu\u2019elles deviennent Mamies\u2026 Bref, elles ne ressemblent pas du&#8230;<\/p>\n","protected":false},"author":7,"featured_media":1486,"comment_status":"open","ping_status":"open","sticky":false,"template":"","format":"standard","meta":{"footnotes":""},"categories":[34],"tags":[58],"acf":[],"yoast_head":"<!-- This site is optimized with the Yoast SEO plugin v21.5 - https:\/\/yoast.com\/wordpress\/plugins\/seo\/ -->\n<title>4 jolies fa\u00e7ons de f\u00eater la F\u00eate des Belles-m\u00e8res | Le Mag de Cadeaux.com<\/title>\n<meta name=\"description\" content=\"D\u00e9couvrez notre s\u00e9lection de cadeaux personnalis\u00e9s pour c\u00e9l\u00e9brer la f\u00eate des belles-m\u00e8res le 27 octobre !\" \/>\n<meta name=\"robots\" content=\"index, follow, max-snippet:-1, max-image-preview:large, max-video-preview:-1\" \/>\n<link rel=\"canonical\" href=\"https:\/\/www.cadeaux.com\/blog\/4-jolies-facons-de-feter-la-fete-des-belles-meres\/\" \/>\n<meta property=\"og:locale\" content=\"fr_FR\" \/>\n<meta property=\"og:type\" content=\"article\" \/>\n<meta property=\"og:title\" content=\"4 jolies fa\u00e7ons de f\u00eater la F\u00eate des Belles-m\u00e8res | Le Mag de Cadeaux.com\" \/>\n<meta property=\"og:description\" content=\"D\u00e9couvrez notre s\u00e9lection de cadeaux personnalis\u00e9s pour c\u00e9l\u00e9brer la f\u00eate des belles-m\u00e8res le 27 octobre !\" \/>\n<meta property=\"og:url\" content=\"https:\/\/www.cadeaux.com\/blog\/4-jolies-facons-de-feter-la-fete-des-belles-meres\/\" \/>\n<meta property=\"og:site_name\" content=\"Le Mag de Cadeaux.com\" \/>\n<meta property=\"article:publisher\" content=\"https:\/\/fr-fr.facebook.com\/cadeauxcom\/\" \/>\n<meta property=\"article:published_time\" content=\"2019-10-11T12:24:19+00:00\" \/>\n<meta property=\"article:modified_time\" content=\"2024-05-10T09:33:46+00:00\" \/>\n<meta property=\"og:image\" content=\"https:\/\/www.cadeaux.com\/blog\/wp-content\/uploads\/2019\/10\/cloche-rose-rouge-coeur-belle-mere-1-zoom.jpg\" \/>\n\t<meta property=\"og:image:width\" content=\"800\" \/>\n\t<meta property=\"og:image:height\" content=\"640\" \/>\n\t<meta property=\"og:image:type\" content=\"image\/jpeg\" \/>\n<meta name=\"author\" content=\"Emilien\" \/>\n<meta name=\"twitter:card\" content=\"summary_large_image\" \/>\n<meta name=\"twitter:label1\" content=\"\u00c9crit par\" \/>\n\t<meta name=\"twitter:data1\" content=\"Emilien\" \/>\n\t<meta name=\"twitter:label2\" content=\"Dur\u00e9e de lecture estim\u00e9e\" \/>\n\t<meta name=\"twitter:data2\" content=\"5 minutes\" \/>\n<script type=\"application\/ld+json\" class=\"yoast-schema-graph\">{\"@context\":\"https:\/\/schema.org\",\"@graph\":[{\"@type\":\"Article\",\"@id\":\"https:\/\/www.cadeaux.com\/blog\/4-jolies-facons-de-feter-la-fete-des-belles-meres\/#article\",\"isPartOf\":{\"@id\":\"https:\/\/www.cadeaux.com\/blog\/4-jolies-facons-de-feter-la-fete-des-belles-meres\/\"},\"author\":{\"name\":\"Emilien\",\"@id\":\"https:\/\/www.cadeaux.com\/blog\/#\/schema\/person\/6915e0ea5416553441815db4ab50830f\"},\"headline\":\"Des jolies fa\u00e7ons de c\u00e9l\u00e9brer la F\u00eate des Belles-m\u00e8res le 27 octobre !\",\"datePublished\":\"2019-10-11T12:24:19+00:00\",\"dateModified\":\"2024-05-10T09:33:46+00:00\",\"mainEntityOfPage\":{\"@id\":\"https:\/\/www.cadeaux.com\/blog\/4-jolies-facons-de-feter-la-fete-des-belles-meres\/\"},\"wordCount\":560,\"commentCount\":0,\"publisher\":{\"@id\":\"https:\/\/www.cadeaux.com\/blog\/#organization\"},\"keywords\":[\"F\u00eate des belles-m\u00e8res\"],\"articleSection\":[\"L'actu Cadeaux.com\"],\"inLanguage\":\"fr-FR\",\"potentialAction\":[{\"@type\":\"CommentAction\",\"name\":\"Comment\",\"target\":[\"https:\/\/www.cadeaux.com\/blog\/4-jolies-facons-de-feter-la-fete-des-belles-meres\/#respond\"]}]},{\"@type\":\"WebPage\",\"@id\":\"https:\/\/www.cadeaux.com\/blog\/4-jolies-facons-de-feter-la-fete-des-belles-meres\/\",\"url\":\"https:\/\/www.cadeaux.com\/blog\/4-jolies-facons-de-feter-la-fete-des-belles-meres\/\",\"name\":\"4 jolies fa\u00e7ons de f\u00eater la F\u00eate des Belles-m\u00e8res | Le Mag de Cadeaux.com\",\"isPartOf\":{\"@id\":\"https:\/\/www.cadeaux.com\/blog\/#website\"},\"datePublished\":\"2019-10-11T12:24:19+00:00\",\"dateModified\":\"2024-05-10T09:33:46+00:00\",\"description\":\"D\u00e9couvrez notre s\u00e9lection de cadeaux personnalis\u00e9s pour c\u00e9l\u00e9brer la f\u00eate des belles-m\u00e8res le 27 octobre !\",\"breadcrumb\":{\"@id\":\"https:\/\/www.cadeaux.com\/blog\/4-jolies-facons-de-feter-la-fete-des-belles-meres\/#breadcrumb\"},\"inLanguage\":\"fr-FR\",\"potentialAction\":[{\"@type\":\"ReadAction\",\"target\":[\"https:\/\/www.cadeaux.com\/blog\/4-jolies-facons-de-feter-la-fete-des-belles-meres\/\"]}]},{\"@type\":\"BreadcrumbList\",\"@id\":\"https:\/\/www.cadeaux.com\/blog\/4-jolies-facons-de-feter-la-fete-des-belles-meres\/#breadcrumb\",\"itemListElement\":[{\"@type\":\"ListItem\",\"position\":1,\"name\":\"Accueil\",\"item\":\"https:\/\/www.cadeaux.com\/blog\/\"},{\"@type\":\"ListItem\",\"position\":2,\"name\":\"Des jolies fa\u00e7ons de c\u00e9l\u00e9brer la F\u00eate des Belles-m\u00e8res le 27 octobre !\"}]},{\"@type\":\"WebSite\",\"@id\":\"https:\/\/www.cadeaux.com\/blog\/#website\",\"url\":\"https:\/\/www.cadeaux.com\/blog\/\",\"name\":\"Le Mag de Cadeaux.com\",\"description\":\"\",\"publisher\":{\"@id\":\"https:\/\/www.cadeaux.com\/blog\/#organization\"},\"potentialAction\":[{\"@type\":\"SearchAction\",\"target\":{\"@type\":\"EntryPoint\",\"urlTemplate\":\"https:\/\/www.cadeaux.com\/blog\/?s={search_term_string}\"},\"query-input\":\"required name=search_term_string\"}],\"inLanguage\":\"fr-FR\"},{\"@type\":\"Organization\",\"@id\":\"https:\/\/www.cadeaux.com\/blog\/#organization\",\"name\":\"Cadeaux.com\",\"url\":\"https:\/\/www.cadeaux.com\/blog\/\",\"logo\":{\"@type\":\"ImageObject\",\"inLanguage\":\"fr-FR\",\"@id\":\"https:\/\/www.cadeaux.com\/blog\/#\/schema\/logo\/image\/\",\"url\":\"https:\/\/www.cadeaux.com\/blog\/wp-content\/uploads\/2019\/07\/logo-cadeaux.png\",\"contentUrl\":\"https:\/\/www.cadeaux.com\/blog\/wp-content\/uploads\/2019\/07\/logo-cadeaux.png\",\"width\":587,\"height\":120,\"caption\":\"Cadeaux.com\"},\"image\":{\"@id\":\"https:\/\/www.cadeaux.com\/blog\/#\/schema\/logo\/image\/\"},\"sameAs\":[\"https:\/\/fr-fr.facebook.com\/cadeauxcom\/\",\"https:\/\/www.instagram.com\/cadeaux_com\/\"]},{\"@type\":\"Person\",\"@id\":\"https:\/\/www.cadeaux.com\/blog\/#\/schema\/person\/6915e0ea5416553441815db4ab50830f\",\"name\":\"Emilien\",\"image\":{\"@type\":\"ImageObject\",\"inLanguage\":\"fr-FR\",\"@id\":\"https:\/\/www.cadeaux.com\/blog\/#\/schema\/person\/image\/\",\"url\":\"https:\/\/secure.gravatar.com\/avatar\/9976a6d6f1e0fa731f632c1f9b0acea9?s=96&d=mm&r=g\",\"contentUrl\":\"https:\/\/secure.gravatar.com\/avatar\/9976a6d6f1e0fa731f632c1f9b0acea9?s=96&d=mm&r=g\",\"caption\":\"Emilien\"},\"description\":\"Emilien, Lyonnais depuis toujours et arm\u00e9 de son plus beau sourire, est heureux d'\u00e9laborer et de partager avec vous les meilleurs guides d'achat et conseils cadeaux pour vous aider \u00e0 trouver LE bon cadeau de tous vos \u00e9v\u00e9nements importants. En dehors de \u00e7a, il adore crapahuter dans nos belles r\u00e9gions et s'int\u00e9resse de pr\u00e8s \u00e0 la photographie.\",\"url\":\"https:\/\/www.cadeaux.com\/blog\/author\/emilien\/\"}]}<\/script>\n<!-- \/ Yoast SEO plugin. -->","yoast_head_json":{"title":"4 jolies fa\u00e7ons de f\u00eater la F\u00eate des Belles-m\u00e8res | Le Mag de Cadeaux.com","description":"D\u00e9couvrez notre s\u00e9lection de cadeaux personnalis\u00e9s pour c\u00e9l\u00e9brer la f\u00eate des belles-m\u00e8res le 27 octobre !","robots":{"index":"index","follow":"follow","max-snippet":"max-snippet:-1","max-image-preview":"max-image-preview:large","max-video-preview":"max-video-preview:-1"},"canonical":"https:\/\/www.cadeaux.com\/blog\/4-jolies-facons-de-feter-la-fete-des-belles-meres\/","og_locale":"fr_FR","og_type":"article","og_title":"4 jolies fa\u00e7ons de f\u00eater la F\u00eate des Belles-m\u00e8res | Le Mag de Cadeaux.com","og_description":"D\u00e9couvrez notre s\u00e9lection de cadeaux personnalis\u00e9s pour c\u00e9l\u00e9brer la f\u00eate des belles-m\u00e8res le 27 octobre !","og_url":"https:\/\/www.cadeaux.com\/blog\/4-jolies-facons-de-feter-la-fete-des-belles-meres\/","og_site_name":"Le Mag de Cadeaux.com","article_publisher":"https:\/\/fr-fr.facebook.com\/cadeauxcom\/","article_published_time":"2019-10-11T12:24:19+00:00","article_modified_time":"2024-05-10T09:33:46+00:00","og_image":[{"width":800,"height":640,"url":"https:\/\/www.cadeaux.com\/blog\/wp-content\/uploads\/2019\/10\/cloche-rose-rouge-coeur-belle-mere-1-zoom.jpg","type":"image\/jpeg"}],"author":"Emilien","twitter_card":"summary_large_image","twitter_misc":{"\u00c9crit par":"Emilien","Dur\u00e9e de lecture estim\u00e9e":"5 minutes"},"schema":{"@context":"https:\/\/schema.org","@graph":[{"@type":"Article","@id":"https:\/\/www.cadeaux.com\/blog\/4-jolies-facons-de-feter-la-fete-des-belles-meres\/#article","isPartOf":{"@id":"https:\/\/www.cadeaux.com\/blog\/4-jolies-facons-de-feter-la-fete-des-belles-meres\/"},"author":{"name":"Emilien","@id":"https:\/\/www.cadeaux.com\/blog\/#\/schema\/person\/6915e0ea5416553441815db4ab50830f"},"headline":"Des jolies fa\u00e7ons de c\u00e9l\u00e9brer la F\u00eate des Belles-m\u00e8res le 27 octobre !","datePublished":"2019-10-11T12:24:19+00:00","dateModified":"2024-05-10T09:33:46+00:00","mainEntityOfPage":{"@id":"https:\/\/www.cadeaux.com\/blog\/4-jolies-facons-de-feter-la-fete-des-belles-meres\/"},"wordCount":560,"commentCount":0,"publisher":{"@id":"https:\/\/www.cadeaux.com\/blog\/#organization"},"keywords":["F\u00eate des belles-m\u00e8res"],"articleSection":["L'actu Cadeaux.com"],"inLanguage":"fr-FR","potentialAction":[{"@type":"CommentAction","name":"Comment","target":["https:\/\/www.cadeaux.com\/blog\/4-jolies-facons-de-feter-la-fete-des-belles-meres\/#respond"]}]},{"@type":"WebPage","@id":"https:\/\/www.cadeaux.com\/blog\/4-jolies-facons-de-feter-la-fete-des-belles-meres\/","url":"https:\/\/www.cadeaux.com\/blog\/4-jolies-facons-de-feter-la-fete-des-belles-meres\/","name":"4 jolies fa\u00e7ons de f\u00eater la F\u00eate des Belles-m\u00e8res | Le Mag de Cadeaux.com","isPartOf":{"@id":"https:\/\/www.cadeaux.com\/blog\/#website"},"datePublished":"2019-10-11T12:24:19+00:00","dateModified":"2024-05-10T09:33:46+00:00","description":"D\u00e9couvrez notre s\u00e9lection de cadeaux personnalis\u00e9s pour c\u00e9l\u00e9brer la f\u00eate des belles-m\u00e8res le 27 octobre !","breadcrumb":{"@id":"https:\/\/www.cadeaux.com\/blog\/4-jolies-facons-de-feter-la-fete-des-belles-meres\/#breadcrumb"},"inLanguage":"fr-FR","potentialAction":[{"@type":"ReadAction","target":["https:\/\/www.cadeaux.com\/blog\/4-jolies-facons-de-feter-la-fete-des-belles-meres\/"]}]},{"@type":"BreadcrumbList","@id":"https:\/\/www.cadeaux.com\/blog\/4-jolies-facons-de-feter-la-fete-des-belles-meres\/#breadcrumb","itemListElement":[{"@type":"ListItem","position":1,"name":"Accueil","item":"https:\/\/www.cadeaux.com\/blog\/"},{"@type":"ListItem","position":2,"name":"Des jolies fa\u00e7ons de c\u00e9l\u00e9brer la F\u00eate des Belles-m\u00e8res le 27 octobre !"}]},{"@type":"WebSite","@id":"https:\/\/www.cadeaux.com\/blog\/#website","url":"https:\/\/www.cadeaux.com\/blog\/","name":"Le Mag de Cadeaux.com","description":"","publisher":{"@id":"https:\/\/www.cadeaux.com\/blog\/#organization"},"potentialAction":[{"@type":"SearchAction","target":{"@type":"EntryPoint","urlTemplate":"https:\/\/www.cadeaux.com\/blog\/?s={search_term_string}"},"query-input":"required name=search_term_string"}],"inLanguage":"fr-FR"},{"@type":"Organization","@id":"https:\/\/www.cadeaux.com\/blog\/#organization","name":"Cadeaux.com","url":"https:\/\/www.cadeaux.com\/blog\/","logo":{"@type":"ImageObject","inLanguage":"fr-FR","@id":"https:\/\/www.cadeaux.com\/blog\/#\/schema\/logo\/image\/","url":"https:\/\/www.cadeaux.com\/blog\/wp-content\/uploads\/2019\/07\/logo-cadeaux.png","contentUrl":"https:\/\/www.cadeaux.com\/blog\/wp-content\/uploads\/2019\/07\/logo-cadeaux.png","width":587,"height":120,"caption":"Cadeaux.com"},"image":{"@id":"https:\/\/www.cadeaux.com\/blog\/#\/schema\/logo\/image\/"},"sameAs":["https:\/\/fr-fr.facebook.com\/cadeauxcom\/","https:\/\/www.instagram.com\/cadeaux_com\/"]},{"@type":"Person","@id":"https:\/\/www.cadeaux.com\/blog\/#\/schema\/person\/6915e0ea5416553441815db4ab50830f","name":"Emilien","image":{"@type":"ImageObject","inLanguage":"fr-FR","@id":"https:\/\/www.cadeaux.com\/blog\/#\/schema\/person\/image\/","url":"https:\/\/secure.gravatar.com\/avatar\/9976a6d6f1e0fa731f632c1f9b0acea9?s=96&d=mm&r=g","contentUrl":"https:\/\/secure.gravatar.com\/avatar\/9976a6d6f1e0fa731f632c1f9b0acea9?s=96&d=mm&r=g","caption":"Emilien"},"description":"Emilien, Lyonnais depuis toujours et arm\u00e9 de son plus beau sourire, est heureux d'\u00e9laborer et de partager avec vous les meilleurs guides d'achat et conseils cadeaux pour vous aider \u00e0 trouver LE bon cadeau de tous vos \u00e9v\u00e9nements importants. En dehors de \u00e7a, il adore crapahuter dans nos belles r\u00e9gions et s'int\u00e9resse de pr\u00e8s \u00e0 la photographie.","url":"https:\/\/www.cadeaux.com\/blog\/author\/emilien\/"}]}},"_links":{"self":[{"href":"https:\/\/www.cadeaux.com\/blog\/wp-json\/wp\/v2\/posts\/1476"}],"collection":[{"href":"https:\/\/www.cadeaux.com\/blog\/wp-json\/wp\/v2\/posts"}],"about":[{"href":"https:\/\/www.cadeaux.com\/blog\/wp-json\/wp\/v2\/types\/post"}],"author":[{"embeddable":true,"href":"https:\/\/www.cadeaux.com\/blog\/wp-json\/wp\/v2\/users\/7"}],"replies":[{"embeddable":true,"href":"https:\/\/www.cadeaux.com\/blog\/wp-json\/wp\/v2\/comments?post=1476"}],"version-history":[{"count":8,"href":"https:\/\/www.cadeaux.com\/blog\/wp-json\/wp\/v2\/posts\/1476\/revisions"}],"predecessor-version":[{"id":15213,"href":"https:\/\/www.cadeaux.com\/blog\/wp-json\/wp\/v2\/posts\/1476\/revisions\/15213"}],"wp:featuredmedia":[{"embeddable":true,"href":"https:\/\/www.cadeaux.com\/blog\/wp-json\/wp\/v2\/media\/1486"}],"wp:attachment":[{"href":"https:\/\/www.cadeaux.com\/blog\/wp-json\/wp\/v2\/media?parent=1476"}],"wp:term":[{"taxonomy":"category","embeddable":true,"href":"https:\/\/www.cadeaux.com\/blog\/wp-json\/wp\/v2\/categories?post=1476"},{"taxonomy":"post_tag","embeddable":true,"href":"https:\/\/www.cadeaux.com\/blog\/wp-json\/wp\/v2\/tags?post=1476"}],"curies":[{"name":"wp","href":"https:\/\/api.w.org\/{rel}","templated":true}]}}